{"id":230943,"date":"2025-06-30T10:50:12","date_gmt":"2025-06-30T10:50:12","guid":{"rendered":"https:\/\/www.europesays.com\/de\/230943\/"},"modified":"2025-06-30T10:50:12","modified_gmt":"2025-06-30T10:50:12","slug":"hitzefrei-in-stuttgart-nachmittagsunterricht-faellt-an-manchen-schulen-aus","status":"publish","type":"post","link":"https:\/\/www.europesays.com\/de\/230943\/","title":{"rendered":"Hitzefrei in Stuttgart: Nachmittagsunterricht f\u00e4llt an manchen Schulen aus"},"content":{"rendered":"<p>\t\t\t\t\t\t\t\t\t\t\t\t\t\t\t\t\t\t\t\t\t\t\t\t\t\t\t\t      \t\t            \t\t             \t\t\t\t   \t\t\t\t\t   <img decoding=\"async\" id=\"article-image\" fetchpriority=\"high\" alt=\"Hitzefrei in Stuttgart: Nachmittagsunterricht f\u00e4llt an manchen Schulen aus\" title=\"Hitzefrei in Stuttgart: Nachmittagsunterricht f\u00e4llt an manchen Schulen aus\" src=\"https:\/\/www.europesays.com\/de\/wp-content\/uploads\/2025\/06\/media.media.c70d22ad-ad31-4740-830a-a8bffa70164b.16x9_700.jpg\" data-linkto=\"https:\/\/www.stuttgarter-nachrichten.de\/javascript:void(0);\"\/>\t\t\t\t\t\t\t\t\t\t\t\t\t\t\t\t\t\t\t\t\t\t\t\tDie Schulen entscheiden selbst, ob und wann sie hitzefrei geben.\u00a0Foto: dpa\t\t\t<\/p>\n<p>Rektoren reagieren in Stuttgart auf die Hitzewelle, die Oberstufe ist davon aber grunds\u00e4tzlich ausgenommen. In einem anderen Bundesland hat man genau das jetzt ge\u00e4ndert.<\/p>\n<p>Viele Sch\u00fclerinnen und Sch\u00fcler hat die Nachricht gefreut: \u201eN\u00e4chste Woche Hitzefrei f\u00fcr die Klassen 5 bis 10\u201c, ist in einer E-Mail zu lesen, mit der die Schulleitung des Vaihinger Fanny-Leicht-Gymnasiums die Eltern am Sonntagabend informiert hat. Bis auf wenige Ausnahmen haben die Kinder und Jugendlichen nur bis 13 Uhr Unterricht. Die Oberstufe ist davon ausgenommen, darf aber soweit m\u00f6glich in k\u00fchlere R\u00e4ume umziehen. Dieses Vorgehen sei mit den <a href=\"https:\/\/www.stuttgarter-nachrichten.de\/inhalt.marienschule-in-stuttgart-schulkinder-im-hitzestress-eltern-duerfen-nicht-helfen.1390f7bf-be71-4c20-843c-ee0b04a488c3.html\" target=\"_blank\" rel=\"noopener\">umliegenden Schulen<\/a> abgestimmt, hei\u00dft es in der Mail. So gibt zum Beispiel auch das benachbarte Hegel-Gymnasium Hitzefrei.<\/p>\n<p>Verbindliche Regeln, ob und wann Kinder bei anhaltend hohen Temperaturen fr\u00fcher nach Hause geschickt werden d\u00fcrfen, gibt das Kultusministerium Baden-W\u00fcrttemberg nicht vor. Aus guten Gr\u00fcnden, wie es auf der Homepage hei\u00dft. \u201eDenn die Schulleitungen m\u00fcssen je nach Situation vor Ort unter anderem Betreuungsfragen kl\u00e4ren. Die Schulleitungen entscheiden deshalb in eigener Zust\u00e4ndigkeit\u201c, so das Ministerium. Allerdings hat es <a href=\"https:\/\/www.stuttgarter-nachrichten.de\/inhalt.hitzewelle-in-stuttgart-gibt-es-an-den-schulen-jetzt-hitzefrei.e7fa828a-67de-4de0-a58c-5d1f8b37ca7e.html\" target=\"_blank\" rel=\"noopener\">Kriterien f\u00fcr den \u201eAusfall des Unterrichts an besonders hei\u00dfen Sommertagen\u201c <\/a>aufgestellt, an denen sich die <a href=\"https:\/\/www.stuttgarter-nachrichten.de\/thema\/Schulen\" title=\"Schulen\" class=\"art_thema\" target=\"_blank\" rel=\"noopener\">Schulen<\/a> orientieren sollen. <\/p>\n<p>In diesen Leitlinien hei\u00dft es auch, dass es f\u00fcr die gymnasiale Oberstufe kein Hitzefrei gibt. Genau das hat das Kultusministerium Niedersachsen am vergangenen Freitag ge\u00e4ndert und seine Regelungen f\u00fcr Hitzefrei angepasset. Ab sofort k\u00f6nnen bei anhaltend hohen Temperaturen in dem norddeutschen Bundesland auch sie fr\u00fcher nach Hause geschickt werden. <\/p>\n<p>\u201eAusschlaggebend f\u00fcr die Entscheidung vor Ort sind immer die Gegebenheiten vor Ort. Das k\u00f6rperliche Wohl aller Beteiligten hat dabei h\u00f6chste Priorit\u00e4t\u201c, hei\u00dft es in einer Mitteilung des Ministeriums in Niedersachsen. Mit der Entscheidung habe man auch auf Anregungen des Landessch\u00fclerrats und aus den Schulen reagiert. Ob Baden-W\u00fcrttemberg dem nieders\u00e4chsischen Vorbild folgt, bleibt abzuwarten.<\/p>\n","protected":false},"excerpt":{"rendered":"Die Schulen entscheiden selbst, ob und wann sie hitzefrei geben.\u00a0Foto: dpa Rektoren reagieren in Stuttgart auf die Hitzewelle,&hellip;\n","protected":false},"author":2,"featured_media":230944,"comment_status":"","ping_status":"","sticky":false,"template":"","format":"standard","meta":{"footnotes":""},"categories":[1830],"tags":[4568,1634,3364,29,4480,4481,30,11607,65599,18113,72870,1441],"class_list":{"0":"post-230943","1":"post","2":"type-post","3":"status-publish","4":"format-standard","5":"has-post-thumbnail","7":"category-stuttgart","8":"tag-schulen","9":"tag-baden-wuerttemberg","10":"tag-de","11":"tag-deutschland","12":"tag-familienleben","13":"tag-familienpolitik","14":"tag-germany","15":"tag-hitze","16":"tag-hitzefrei","17":"tag-hitzewelle","18":"tag-oberstufe","19":"tag-stuttgart"},"share_on_mastodon":{"url":"https:\/\/pubeurope.com\/@de\/114771933585933114","error":""},"_links":{"self":[{"href":"https:\/\/www.europesays.com\/de\/wp-json\/wp\/v2\/posts\/230943","targetHints":{"allow":["GET"]}}],"collection":[{"href":"https:\/\/www.europesays.com\/de\/wp-json\/wp\/v2\/posts"}],"about":[{"href":"https:\/\/www.europesays.com\/de\/wp-json\/wp\/v2\/types\/post"}],"author":[{"embeddable":true,"href":"https:\/\/www.europesays.com\/de\/wp-json\/wp\/v2\/users\/2"}],"replies":[{"embeddable":true,"href":"https:\/\/www.europesays.com\/de\/wp-json\/wp\/v2\/comments?post=230943"}],"version-history":[{"count":0,"href":"https:\/\/www.europesays.com\/de\/wp-json\/wp\/v2\/posts\/230943\/revisions"}],"wp:featuredmedia":[{"embeddable":true,"href":"https:\/\/www.europesays.com\/de\/wp-json\/wp\/v2\/media\/230944"}],"wp:attachment":[{"href":"https:\/\/www.europesays.com\/de\/wp-json\/wp\/v2\/media?parent=230943"}],"wp:term":[{"taxonomy":"category","embeddable":true,"href":"https:\/\/www.europesays.com\/de\/wp-json\/wp\/v2\/categories?post=230943"},{"taxonomy":"post_tag","embeddable":true,"href":"https:\/\/www.europesays.com\/de\/wp-json\/wp\/v2\/tags?post=230943"}],"curies":[{"name":"wp","href":"https:\/\/api.w.org\/{rel}","templated":true}]}}