{"id":230959,"date":"2025-06-30T10:58:11","date_gmt":"2025-06-30T10:58:11","guid":{"rendered":"https:\/\/www.europesays.com\/de\/230959\/"},"modified":"2025-06-30T10:58:11","modified_gmt":"2025-06-30T10:58:11","slug":"beratungen-in-hamburg-ueber-krankenhaus-standort-gross-sand","status":"publish","type":"post","link":"https:\/\/www.europesays.com\/de\/230959\/","title":{"rendered":"Beratungen in Hamburg \u00fcber Krankenhaus-Standort Gro\u00df-Sand"},"content":{"rendered":"<p>        <img decoding=\"async\" src=\"https:\/\/www.europesays.com\/de\/wp-content\/uploads\/2025\/06\/grosssand-100.webp\" alt=\"Au\u00dfenansicht des katholischen Krankenhauses Gro\u00df-Sand in Hamburg-Wilhelmsburg\" title=\"Au\u00dfenansicht des katholischen Krankenhauses Gro\u00df-Sand in Hamburg-Wilhelmsburg | picture alliance \/ Michael Althaus\" class=\"responsive\" loading=\"lazy\"\/><\/p>\n<p>AUDIO: Lenkungsgruppe Gro\u00df-Sand ber\u00e4t \u00fcber Zukunft des Krankenhaus-Standortes (1 Min)<\/p>\n<p>\n            Stand: 30.06.2025 12:43 Uhr<\/p>\n<p class=\"preface\">Ein Krankenhaus schlie\u00dft und trotzdem k\u00f6nnte f\u00fcr die Patientinnen und Patienten danach alles besser werden: Das ist die Hoffnung von Gesundheitsexpertinnen und -experten f\u00fcr den bisherigen Krankenhaus-Standort Gro\u00df-Sand in Wilhelmsburg. <\/p>\n<p class=\"\">\nMontagmittag trifft sich die zust\u00e4ndige Lenkungsgruppe der Sozialbeh\u00f6rde, um \u00fcber Konzepte f\u00fcr den Standort zu beraten. Bei der Lenkungsgruppe ist unter anderem die Kassen\u00e4rztliche Vereinigung (KV) dabei. Ihr Chef John Afful kann sich vorstellen, dass es in Gro\u00df-Sand k\u00fcnftig sogar mehr medizinische Versorgung geben k\u00f6nnte, als bisher.<\/p>\n<p>    Gro\u00df-Sand als zentraler Standort f\u00fcr Arzt-Praxen?<\/p>\n<p class=\"\">\nZwar gibt es dann das bisherige Krankenhaus nicht mehr. Daf\u00fcr k\u00f6nnte dort aber ein zentraler Standort f\u00fcr Arzt-Praxen entstehen, die bisher \u00fcber Wilhelmsburg verteilt sind &#8211; die also dort hinziehen k\u00f6nnten. W\u00f6rtlich spricht der KV-Chef von einem Magnet f\u00fcr die ambulante Versorgung, der in Gro\u00df-Sand entstehen k\u00f6nnte.<\/p>\n<p>    Mehrere Parteien f\u00fcr ambulant-station\u00e4re Stadtteilklinik<\/p>\n<p class=\"\">\nAuch die rot-gr\u00fcne Landesregierung und die Opposition sind sich einig, dass Wilhelmsburg eine gute medizinische Versorgung braucht. SPD, Gr\u00fcne und CDU sprechen sich f\u00fcr eine ambulant-station\u00e4re Stadtteilklinik aus, die Linke fordert, dass es auch k\u00fcnftig eine Notfall-Versorgung rund um die Uhr geben muss.<\/p>\n<p class=\"\">\nAm Dienstag tagt dazu der Gesundheitsausschuss der B\u00fcrgerschaft &#8211; erwartet werden auch viele Menschen aus Wilhelmsburg, die in Sorge um ihren Stadtteil sind.<\/p>\n<p>        <img decoding=\"async\" src=\"https:\/\/www.europesays.com\/de\/wp-content\/uploads\/2025\/06\/krankenhaus1058.webp\" alt=\"Krankenhaus Gro\u00df-Sand in Hamburg-Wilhelmsburg (Archivfoto)\" title=\"Krankenhaus Gro\u00df-Sand in Hamburg-Wilhelmsburg (Archivfoto) | IMAGO \/ Andre Lenthe\" class=\"responsive\" loading=\"lazy\"\/><\/p>\n<p>Wichtige Abteilungen sollen Mitte Juli geschlossen werden. Gegen die Entscheidung formiert sich Widerstand &#8211; in der Klinik und im Hamburger Stadtteil Wilhelmsburg.<\/p>\n<p>        <img decoding=\"async\" src=\"https:\/\/www.europesays.com\/de\/wp-content\/uploads\/2025\/06\/screenshot935354.webp\" alt=\"Das Krankenhaus Gro\u00df-Sand in Wilhelmsburg.\" title=\"Das Krankenhaus Gro\u00df-Sand in Wilhelmsburg. | Screenshot\" class=\"responsive\" loading=\"lazy\"\/><\/p>\n<p>Wichtige Abteilungen werden an das Marienkrankenhaus verlegt. Am Standort in Wilhelmsburg soll es eine neue Stadtteilklinik geben. (27.05.2025)<\/p>\n<p>Dieses Thema im Programm:<\/p>\n<p>                NDR 90,3 | NDR 90,3 Aktuell | 30.06.2025 | 09:00 Uhr<\/p>\n","protected":false},"excerpt":{"rendered":"AUDIO: Lenkungsgruppe Gro\u00df-Sand ber\u00e4t \u00fcber Zukunft des Krankenhaus-Standortes (1 Min) Stand: 30.06.2025 12:43 Uhr Ein Krankenhaus schlie\u00dft und&hellip;\n","protected":false},"author":2,"featured_media":230960,"comment_status":"","ping_status":"","sticky":false,"template":"","format":"standard","meta":{"footnotes":""},"categories":[1826],"tags":[29,27540,30,4612,72872,692,6590,3263,7389],"class_list":{"0":"post-230959","1":"post","2":"type-post","3":"status-publish","4":"format-standard","5":"has-post-thumbnail","7":"category-hamburg","8":"tag-deutschland","9":"tag-erzbistum","10":"tag-germany","11":"tag-gesundheitspolitik","12":"tag-gross-sand","13":"tag-hamburg","14":"tag-katholische-kirche","15":"tag-krankenhaus","16":"tag-schliessung"},"share_on_mastodon":{"url":"https:\/\/pubeurope.com\/@de\/114771965087528856","error":""},"_links":{"self":[{"href":"https:\/\/www.europesays.com\/de\/wp-json\/wp\/v2\/posts\/230959","targetHints":{"allow":["GET"]}}],"collection":[{"href":"https:\/\/www.europesays.com\/de\/wp-json\/wp\/v2\/posts"}],"about":[{"href":"https:\/\/www.europesays.com\/de\/wp-json\/wp\/v2\/types\/post"}],"author":[{"embeddable":true,"href":"https:\/\/www.europesays.com\/de\/wp-json\/wp\/v2\/users\/2"}],"replies":[{"embeddable":true,"href":"https:\/\/www.europesays.com\/de\/wp-json\/wp\/v2\/comments?post=230959"}],"version-history":[{"count":0,"href":"https:\/\/www.europesays.com\/de\/wp-json\/wp\/v2\/posts\/230959\/revisions"}],"wp:featuredmedia":[{"embeddable":true,"href":"https:\/\/www.europesays.com\/de\/wp-json\/wp\/v2\/media\/230960"}],"wp:attachment":[{"href":"https:\/\/www.europesays.com\/de\/wp-json\/wp\/v2\/media?parent=230959"}],"wp:term":[{"taxonomy":"category","embeddable":true,"href":"https:\/\/www.europesays.com\/de\/wp-json\/wp\/v2\/categories?post=230959"},{"taxonomy":"post_tag","embeddable":true,"href":"https:\/\/www.europesays.com\/de\/wp-json\/wp\/v2\/tags?post=230959"}],"curies":[{"name":"wp","href":"https:\/\/api.w.org\/{rel}","templated":true}]}}