{"id":230967,"date":"2025-06-30T11:02:10","date_gmt":"2025-06-30T11:02:10","guid":{"rendered":"https:\/\/www.europesays.com\/de\/230967\/"},"modified":"2025-06-30T11:02:10","modified_gmt":"2025-06-30T11:02:10","slug":"berlin-neue-s-bahn-linie-15-in-berlin-soll-erst-2026-in-betrieb-gehen","status":"publish","type":"post","link":"https:\/\/www.europesays.com\/de\/230967\/","title":{"rendered":"Berlin: Neue S-Bahn-Linie 15 in Berlin soll erst 2026 in Betrieb gehen"},"content":{"rendered":"<p class=\"metatextline\">Stand: 30.06.2025 12:32 Uhr<\/p>\n<p class=\"textabsatz columns twelve  m-ten  m-offset-one l-eight l-offset-two\">\n        <strong>Die urspr\u00fcnglich f\u00fcr Dezember 2024 geplante Inbetriebnahme der neuen S-Bahn-Nord-S\u00fcd-Verbindung verz\u00f6gert sich erneut \u2013 nun soll die Strecke erst im Fr\u00fchjahr 2026 er\u00f6ffnet werden. Das bringt ab Dezember Probleme bei der Anbindung an den BER.<\/strong>\n    <\/p>\n<p class=\"textabsatz m-ten m-offset-one l-eight l-offset-two columns twelve\">\nDer S-Bahn-Betrieb auf dem ersten Abschnitt der geplanten neuen Nord-S\u00fcd-Verbindung zwischen Gesundbrunnen und dem Berliner Hauptbahnhof verz\u00f6gert sich erneut.<br \/>\u00a0<br \/>Nach mehreren vergeblichen Anl\u00e4ufen war <a href=\"https:\/\/www.rbb24.de\/panorama\/beitrag\/2024\/09\/s-bahn-berlin-city-gesundbrunnen-s21-hauptbahnhof-start-verschobeben-erstes-quartal-2025-dezember-termin-abgesagt.html\" title=\"zum Fahrplanwechsel im Dezember 2024 avisiert worden, dass die ersten Z\u00fcge der Linie S15 auf der Strecke unterwegs sein\" class=\"textlink--extern\" target=\"_blank\" rel=\"noopener nofollow\">zum Fahrplanwechsel im Dezember 2024 avisiert worden, dass die ersten Z\u00fcge der Linie S15 auf der Strecke unterwegs sein<\/a> sollten. Dann hie\u00df es, dass die Strecke im Laufe des ersten Quartals 2025 fertig werden sollte. Jetzt hei\u00dft es aus Bahn-Kreisen, dass es mit der Streckener\u00f6ffnung vor dem Fr\u00fchjahr 2026 nichts werde.<\/p>\n<p>            <img loading=\"lazy\" decoding=\"async\" class=\"ts-image\" src=\"https:\/\/www.europesays.com\/de\/wp-content\/uploads\/2025\/06\/rbb-audio-rbb24-inforadio-04-09-2024-patrik-buchmueller-100.jpg\" alt=\"Archivbild:Baufahrzeuge stehen in der N\u00e4he vom Hauptbahnhof auf den Gleisen auf der Baustelle der S21-Bahnstrecke am 05.04.2024.(Quelle:picture alliance\/dpa\/M.Skolimowska) \" title=\"Audio: rbb24 Inforadio | 04.09.2024 | Patrik Buchm\u00fcller | picture alliance\/dpa\/M.Skolimowska\"\/><\/p>\n<p>Bahn verschiebt Start der Ringbahn-Anbindung des Hauptbahnhofs auf 2025<\/p>\n<p>            Die S-Bahn-Anbindung des Hauptbahnhofs an die Ringbahn im Norden ist erneut verschoben worden. Laut Bahn soll der Start der neuen S15-Linie nun erst in im kommenden Jahr erfolgen. Die Begr\u00fcndung lautet: Die Zulassung sei &#8222;aufw\u00e4ndig und komplex&#8220;.<a href=\"https:\/\/www.rbb24.de\/panorama\/beitrag\/2024\/09\/s-bahn-berlin-city-gesundbrunnen-s21-hauptbahnhof-start-verschobeben-erstes-quartal-2025-dezember-termin-abgesagt.html\" title=\"mehr\" class=\"textlink--extern\" target=\"_blank\" rel=\"noopener nofollow\">mehr<\/a><\/p>\n<p>    Strom-Probleme am Hauptbahnhof<\/p>\n<p class=\"textabsatz m-ten m-offset-one l-eight l-offset-two columns twelve\">\nAm provisorischen Halt am Berliner Hauptbahnhof gebe es Probleme mit dem Strom, berichteten Bahn-Kreise rbb|24 am Montag. Die komplette Energieversorgung m\u00fcsse noch einmal neu geplant und konstruiert werden, zitiert der <a href=\"https:\/\/www.tagesspiegel.de\/berlin\/fex-gestrichen-ersatzlinie-verzogert-sich-berlins-norden-wird-vom-flughafen-ber-abgehangt-13931149.html\" title=\"&quot;\" class=\"textlink--extern js-link-dialog\" rel=\"noopener noreferrer nofollow\" target=\"_blank\" data-type=\"external\">&#8222;<\/a><a href=\"https:\/\/www.tagesspiegel.de\/berlin\/fex-gestrichen-ersatzlinie-verzogert-sich-berlins-norden-wird-vom-flughafen-ber-abgehangt-13931149.html\" title=\"Tagesspiegel&quot; [Bezahlinhalt]\" class=\"textlink--extern js-link-dialog\" rel=\"noopener noreferrer nofollow\" target=\"_blank\" data-type=\"external\">Tagesspiegel&#8220; [Bezahlinhalt]<\/a> den Berliner Bahnvollm\u00e4chtigten Alexander Kaczmarek.<br \/>\u00a0<br \/>Der betroffene Bauabschnitt ist <a href=\"https:\/\/www.berlin-s21.de\/home.html\" title=\"Teil der k\u00fcnftigen Nord-S\u00fcd-Verbindung &quot;S21 Berlin&quot; [berlin-s21.de]\" class=\"textlink--extern js-link-dialog\" rel=\"noopener noreferrer nofollow\" target=\"_blank\" data-type=\"external\">Teil der k\u00fcnftigen Nord-S\u00fcd-Verbindung &#8222;S21 Berlin&#8220; [berlin-s21.de]<\/a>, mit der die Deutsche Bahn das S-Bahn-Netz in einigen Jahren deutlich entlasten will. Die neue Linie soll vom Nordring \u00fcber Hauptbahnhof, Potsdamer Platz und Yorckstra\u00dfe bis zum S\u00fcdkreuz f\u00fchren. Die neue &#8222;Stummellinie&#8220; soll laut S-Bahn zun\u00e4chst die Bezeichnung S15 bekommen.<\/p>\n<p>    Probleme bestehen schon seit Jahren<\/p>\n<p class=\"textabsatz m-ten m-offset-one l-eight l-offset-two columns twelve\">\nFahrg\u00e4ste in Berlin m\u00fcssen nun weiter auf die Anbindung des Nordrings an den Hauptbahnhof warten. Die Inbetriebnahme der Strecke verz\u00f6gert sich seit Jahren \u2013 unter anderem wegen gestiegener Baukosten, der Corona-Krise und mehrfacher Umplanungen.<br \/>\u00a0<br \/>Die Bauarbeiten f\u00fcr den ersten Abschnitt der neuen Nord-S\u00fcd-Verbindung begannen bereits vor 14 Jahren. Eigentlich war die S15-Er\u00f6ffnung schon f\u00fcr 2017 angepeilt worden. Seitdem jagt eine Verschiebung die andere.<\/p>\n<p class=\"textabsatz m-ten m-offset-one l-eight l-offset-two columns twelve\">\nIm Oktober 2024 wurde durch den sogenannten Mittelabflussbericht der Senatsverkehrsverwaltung an den Hauptausschuss des Abgeordnetenhauses dann bekannt, dass die Bauma\u00dfnahmen deutlich teurer werden sollten als urspr\u00fcnglich geplant. Allein f\u00fcr den ersten Bauabschnitt belaufen sich die Kosten 2024 demnach auf rund 24,4 Millionen Euro statt der urspr\u00fcnglich geplanten 14 Millionen Euro. Die Mehrkosten f\u00fcr das gesamte Bauprojekt seien derzeit nicht absehbar. Getragen w\u00fcrden diese vom Bund sowie dem Land Berlin.<\/p>\n<p>    Ab Dezember steuert FEX nicht mehr Gesundbrunnen an<\/p>\n<p class=\"textabsatz m-ten m-offset-one l-eight l-offset-two columns twelve\">\nBesonders problematisch ist die erneute Verz\u00f6gerung f\u00fcr Fahrg\u00e4ste, die bislang ab Gesundbrunnen mit dem Flughafen-Express (FEX) zum BER fahren. Ab Dezember 2025 \u00e4ndert sich dessen Streckenf\u00fchrung. Statt wie bisher \u00fcber Gesundbrunnen und Ostkreuz verkehrt der FEX dann vom Hauptbahnhof \u00fcber Potsdamer Platz und S\u00fcdkreuz zum Flughafen.<br \/>\u00a0<br \/>F\u00fcr den Berliner Norden bedeutet das einen herben Einschnitt \u2013 solange die Nord-S\u00fcd-Strecke nicht fertig ist, fehlt dort eine direkte Anbindung an den Flughafen.<\/p>\n<p class=\"textabsatz m-ten m-offset-one l-eight l-offset-two columns twelve\">\nSendung: rbb24 Inforadio, 30.06.2025, 14 Uhr<\/p>\n<p>                                        <a class=\"backlink__link\" href=\"https:\/\/www.rbb24.de\/panorama\/beitrag\/2025\/06\/berlin-s-bahn-linie-s15-start-erneut-verschoben.html\" rel=\"nofollow noopener\" target=\"_blank\"><\/p>\n<p>                                                <img decoding=\"async\" src=\"https:\/\/images.tagesschau.de\/image\/898f19c3-6760-4be2-a33f-1fa765216ec2\/AAABlap_olM\/AAABkZLrr6A\/original\/lra-rbb-logo-100.svg\" alt=\"Rundfunk Berlin-Brandenburg\"\/><\/p>\n<p>                                        <\/a><\/p>\n","protected":false},"excerpt":{"rendered":"Stand: 30.06.2025 12:32 Uhr Die urspr\u00fcnglich f\u00fcr Dezember 2024 geplante Inbetriebnahme der neuen S-Bahn-Nord-S\u00fcd-Verbindung verz\u00f6gert sich erneut \u2013&hellip;\n","protected":false},"author":2,"featured_media":230968,"comment_status":"","ping_status":"","sticky":false,"template":"","format":"standard","meta":{"footnotes":""},"categories":[1825],"tags":[296,29,30,2239],"class_list":{"0":"post-230967","1":"post","2":"type-post","3":"status-publish","4":"format-standard","5":"has-post-thumbnail","7":"category-berlin","8":"tag-berlin","9":"tag-deutschland","10":"tag-germany","11":"tag-rbb"},"share_on_mastodon":{"url":"https:\/\/pubeurope.com\/@de\/114771980779843555","error":""},"_links":{"self":[{"href":"https:\/\/www.europesays.com\/de\/wp-json\/wp\/v2\/posts\/230967","targetHints":{"allow":["GET"]}}],"collection":[{"href":"https:\/\/www.europesays.com\/de\/wp-json\/wp\/v2\/posts"}],"about":[{"href":"https:\/\/www.europesays.com\/de\/wp-json\/wp\/v2\/types\/post"}],"author":[{"embeddable":true,"href":"https:\/\/www.europesays.com\/de\/wp-json\/wp\/v2\/users\/2"}],"replies":[{"embeddable":true,"href":"https:\/\/www.europesays.com\/de\/wp-json\/wp\/v2\/comments?post=230967"}],"version-history":[{"count":0,"href":"https:\/\/www.europesays.com\/de\/wp-json\/wp\/v2\/posts\/230967\/revisions"}],"wp:featuredmedia":[{"embeddable":true,"href":"https:\/\/www.europesays.com\/de\/wp-json\/wp\/v2\/media\/230968"}],"wp:attachment":[{"href":"https:\/\/www.europesays.com\/de\/wp-json\/wp\/v2\/media?parent=230967"}],"wp:term":[{"taxonomy":"category","embeddable":true,"href":"https:\/\/www.europesays.com\/de\/wp-json\/wp\/v2\/categories?post=230967"},{"taxonomy":"post_tag","embeddable":true,"href":"https:\/\/www.europesays.com\/de\/wp-json\/wp\/v2\/tags?post=230967"}],"curies":[{"name":"wp","href":"https:\/\/api.w.org\/{rel}","templated":true}]}}