{"id":231039,"date":"2025-06-30T11:41:08","date_gmt":"2025-06-30T11:41:08","guid":{"rendered":"https:\/\/www.europesays.com\/de\/231039\/"},"modified":"2025-06-30T11:41:08","modified_gmt":"2025-06-30T11:41:08","slug":"abscheulicher-angriff-mindestens-zwei-feuerwehrleute-in-den-usa-erschossen","status":"publish","type":"post","link":"https:\/\/www.europesays.com\/de\/231039\/","title":{"rendered":"&#8222;Abscheulicher Angriff&#8220;: Mindestens zwei Feuerwehrleute in den USA erschossen"},"content":{"rendered":"<p>  Von&amp;nbsp<a href=\"https:\/\/de.euronews.com\/profile\/2854\" target=\"_blank\" rel=\"noopener\">Diana Resnik<\/a>&amp;nbsp&amp;&amp;nbsp<b>Euronews<\/b>&amp;nbspmit&amp;nbsp<b>AP<\/b><\/p>\n<p>\n         Zuerst ver\u00f6ffentlicht am<br \/>\n            30\/06\/2025 &#8211; 12:58 MESZ<\/p>\n<p><img decoding=\"async\" class=\"c-ad__placeholder__logo\" src=\"https:\/\/static.euronews.com\/website\/images\/logos\/logo-euronews-grey-6-180x22.svg\" width=\"180\" height=\"22\" alt=\"\" loading=\"lazy\"\/>WERBUNG<\/p>\n<p>Mindestens zwei Menschen sind am fr\u00fchen Sonntagnachmittag im Norden des US-Bundesstaats Idaho erschossen worden. Die Zahl der Verletzen ist noch unklar. Bei den Toten handelt es sich Beh\u00f6rden zufolge um Feuerwehrleute, die im Einsatz in den Bergen am Canfield Mountain waren. <\/p>\n<p>Die Feuerwehrleute wurden Berichten zufolge stundenlang beschossen. Der Gouverneur des Bundesstaates nannte das einen &#8222;abscheulichen&#8220; Angriff. Es wurden bislang keine Festnahmen vorgenommen.<\/p>\n<p>Das B\u00fcro des Sheriffs von Kootenai County teilte mit, dass die Feuerwehr gegen 13:30 Uhr zu einem Waldbrand gerufen wurde. Etwa 30 Minuten sp\u00e4ter wurden Sch\u00fcsse gemeldet. Sheriff Bob Norris teilte mit, es sei unklar, wie viele Verd\u00e4chtige oder Opfer es insgesamt gebe. Die Beh\u00f6rden standen am sp\u00e4ten Nachmittag immer noch unter Beschuss.<\/p>\n<p>&#8222;Wir wissen nicht, wie viele Verd\u00e4chtige dort oben sind&#8220;, sagte Norris zu Reportern. &#8222;Wir stehen in diesem Moment unter Scharfsch\u00fctzenbeschuss&#8220;, so Norris. <\/p>\n<p>Es k\u00f6nnten weitere Zivilisten auf dem Berg festsitzen<\/p>\n<p>Es sei wahrscheinlich, dass noch weitere Zivilisten auf dem Berg festsitzen. Der Scharfsch\u00fctze operiere offenbar mit einem leistungsstarkes Gewehr aus einem verborgenen Bereich heraus. Die Hilfssheriffs wurden angewiesen, zur\u00fcckzufeuern. <\/p>\n<p>&#8222;Ich hoffe, dass jemand eine freie Schussbahn hat und in der Lage ist, die Scharfsch\u00fctzen zu neutralisieren, denn zum jetzigen Zeitpunkt gibt es keine Anzeichen daf\u00fcr, dass sie sich ergeben wollen&#8220;, sagte Norris.<\/p>\n<p>Gouverneur Brad Little best\u00e4tigte, dass mehrere Feuerwehrleute angegriffen wurden. &#8222;Dies ist ein abscheulicher direkter Angriff auf unsere tapferen Feuerwehrleute&#8220;, schrieb er auf X und bat die B\u00fcrger Idahos, f\u00fcr die Opfer und ihre Familien zu beten.<\/p>\n<p>Die Beh\u00f6rden gaben eine Notfallwarnung heraus. Die \u00d6ffentlichkeit wurde aufgefordert, das Gebiet zu meiden. Die Einsatzkr\u00e4fte konnten das Gebiet aufgrund der anhaltenden Schie\u00dferei nicht erreichen, sagte Norris.<\/p>\n<p>Das FBI entsandte taktische und technische Teams an den Tatort. &#8222;Es bleibt eine aktive und sehr gef\u00e4hrliche Szene&#8220;, sagte der stellvertretende Direktor Dan Bongino auf X.<\/p>\n<p>F\u00fchrende Vertreter der Republikaner im Repr\u00e4sentantenhaus von Idaho bezeichneten die Morde als &#8222;b\u00f6sartigen Angriff auf unsere Ersthelfer&#8220; und sprachen den Opfern und ihren Familien ihr Beileid aus.<\/p>\n","protected":false},"excerpt":{"rendered":"Von&amp;nbspDiana Resnik&amp;nbsp&amp;&amp;nbspEuronews&amp;nbspmit&amp;nbspAP Zuerst ver\u00f6ffentlicht am 30\/06\/2025 &#8211; 12:58 MESZ WERBUNG Mindestens zwei Menschen sind am fr\u00fchen Sonntagnachmittag im&hellip;\n","protected":false},"author":2,"featured_media":231040,"comment_status":"","ping_status":"","sticky":false,"template":"","format":"standard","meta":{"footnotes":""},"categories":[3977],"tags":[331,332,2919,106,985,13,14,15,5995,12,23062,4017,4018,4016,64,4019,4020],"class_list":{"0":"post-231039","1":"post","2":"type-post","3":"status-publish","4":"format-standard","5":"has-post-thumbnail","7":"category-usa","8":"tag-aktuelle-nachrichten","9":"tag-aktuelle-news","10":"tag-brand","11":"tag-donald-trump","12":"tag-feuerwehr","13":"tag-headlines","14":"tag-nachrichten","15":"tag-news","16":"tag-schiesserei","17":"tag-schlagzeilen","18":"tag-schuetze","19":"tag-united-states","20":"tag-united-states-of-america","21":"tag-us","22":"tag-usa","23":"tag-vereinigte-staaten","24":"tag-vereinigte-staaten-von-amerika"},"share_on_mastodon":{"url":"https:\/\/pubeurope.com\/@de\/114772134221354407","error":""},"_links":{"self":[{"href":"https:\/\/www.europesays.com\/de\/wp-json\/wp\/v2\/posts\/231039","targetHints":{"allow":["GET"]}}],"collection":[{"href":"https:\/\/www.europesays.com\/de\/wp-json\/wp\/v2\/posts"}],"about":[{"href":"https:\/\/www.europesays.com\/de\/wp-json\/wp\/v2\/types\/post"}],"author":[{"embeddable":true,"href":"https:\/\/www.europesays.com\/de\/wp-json\/wp\/v2\/users\/2"}],"replies":[{"embeddable":true,"href":"https:\/\/www.europesays.com\/de\/wp-json\/wp\/v2\/comments?post=231039"}],"version-history":[{"count":0,"href":"https:\/\/www.europesays.com\/de\/wp-json\/wp\/v2\/posts\/231039\/revisions"}],"wp:featuredmedia":[{"embeddable":true,"href":"https:\/\/www.europesays.com\/de\/wp-json\/wp\/v2\/media\/231040"}],"wp:attachment":[{"href":"https:\/\/www.europesays.com\/de\/wp-json\/wp\/v2\/media?parent=231039"}],"wp:term":[{"taxonomy":"category","embeddable":true,"href":"https:\/\/www.europesays.com\/de\/wp-json\/wp\/v2\/categories?post=231039"},{"taxonomy":"post_tag","embeddable":true,"href":"https:\/\/www.europesays.com\/de\/wp-json\/wp\/v2\/tags?post=231039"}],"curies":[{"name":"wp","href":"https:\/\/api.w.org\/{rel}","templated":true}]}}