{"id":231061,"date":"2025-06-30T11:53:09","date_gmt":"2025-06-30T11:53:09","guid":{"rendered":"https:\/\/www.europesays.com\/de\/231061\/"},"modified":"2025-06-30T11:53:09","modified_gmt":"2025-06-30T11:53:09","slug":"pol-mfr-671-71-jaehriger-claus-peter-s-aus-nuernberg-vermisst","status":"publish","type":"post","link":"https:\/\/www.europesays.com\/de\/231061\/","title":{"rendered":"POL-MFR: (671) 71-j\u00e4hriger Claus-Peter S. aus N\u00fcrnberg vermisst &#8211; &#8230;"},"content":{"rendered":"<p class=\"date\">30.06.2025 \u2013 12:40<\/p>\n<p class=\"customer\">\n                        <a class=\"story-customer\" title=\"weiter zum newsroom von Polizeipr\u00e4sidium Mittelfranken\" href=\"https:\/\/www.presseportal.de\/blaulicht\/nr\/6013\" target=\"_blank\" rel=\"noopener\">Polizeipr\u00e4sidium Mittelfranken<\/a>\n                    <\/p>\n<p><a data-category=\"citylink-story-view\" data-action=\"click\" data-label=\"Citylink in Meldungsansicht\" class=\"story-city event-trigger\" href=\"https:\/\/www.presseportal.de\/regional\/N%FCrnberg\" title=\"News aus N\u00fcrnberg \" target=\"_blank\" rel=\"noopener\">N\u00fcrnberg<\/a> (ots)<\/p>\n<p>Seit Freitagnachmittag (27.06.2025) wird der 71-j\u00e4hrige Herr S. aus dem Klinikum N\u00fcrnberg S\u00fcd vermisst. Die Polizei bittet um Hinweise zum Aufenthaltsort des Vermissten.<\/p>\n<p>Herr S. verlie\u00df gegen 16:30 Uhr das S\u00fcdklinikum in der Breslauer Stra\u00dfe und kehrte seitdem nicht zur\u00fcck. Der 71-J\u00e4hrige k\u00f6nnte sich krankheitsbedingt in hilfloser Lage befinden. Suchma\u00dfnahmen der Polizeiinspektion N\u00fcrnberg-S\u00fcd, in die unter anderem Personensuchhunde eingebunden waren, f\u00fchrten bislang nicht zum Auffinden des Vermissten.<\/p>\n<p>Von ihm liegt folgende Beschreibung vor:<br \/>\nEtwa 180 bis 190 cm gro\u00df, Glatze, bekleidet mit einem dunkelblauen Pullover und einer Jeans.<\/p>\n<p>Ein Lichtbild des Vermissten steht unter folgendem Link zur Verf\u00fcgung:<\/p>\n<p><a target=\"_blank\" class=\"uri-ext outbound\" rel=\"noopener\" href=\"https:\/\/www.polizei.bayern.de\/aktuelles\/pressemitteilungen\/087394\/index.html\">https:\/\/www.polizei.bayern.de\/aktuelles\/pressemitteilungen\/087394\/index.html<\/a><\/p>\n<p>Die Polizei bittet bei der Suche nach Claus-Peter S. um Mithilfe aus der Bev\u00f6lkerung. Hinweise zum Aufenthaltsort des 71-J\u00e4hrigen nimmt der Kriminaldauerdienst Mittelfranken unter der Rufnummer 0911 2112 &#8211; 3333, der Polizeinotruf 110 sowie jede andere Polizeidienststelle entgegen.<\/p>\n<p>Erstellt durch: Christian Seiler \/ mc<\/p>\n<p class=\"contact-headline\">R\u00fcckfragen bitte an:<\/p>\n<p class=\"contact-text\">Polizeipr\u00e4sidium Mittelfranken<br \/>Pr\u00e4sidialb\u00fcro &#8211; Pressestelle<br \/>Richard-Wagner-Platz 1<br \/>D-90443 N\u00fcrnberg<br \/>E-Mail: <a href=\"https:\/\/www.presseportal.de\/blaulicht\/pm\/6013\/mailto: pp-mfr.pressestelle@polizei.bayern.de\" class=\"uri-mailto\" target=\"_blank\" rel=\"noopener\"> pp-mfr.pressestelle@polizei.bayern.de<\/a><\/p>\n<p>Erreichbarkeiten:<br \/>Montag bis Donnerstag<br \/>07:00 bis 16:00 Uhr<br \/>Freitag<br \/>07:00 bis 15:00 Uhr<br \/>Sonntag<br \/>11:00 bis 14:00 Uhr<\/p>\n<p>Telefon: +49 (0)911 2112 1030<\/p>\n<p>Au\u00dferhalb der B\u00fcrozeiten:<\/p>\n<p>Telefon: +49 (0)911 2112 1553<\/p>\n<p>Die Pressestelle des Polizeipr\u00e4sidiums Mittelfranken im Internet:<br \/><a target=\"_blank\" class=\"uri-ext outbound\" rel=\"noopener\" href=\"http:\/\/ots.de\/P4TQ8h\">http:\/\/ots.de\/P4TQ8h<\/a><\/p>\n<p class=\"originator\">Original-Content von: Polizeipr\u00e4sidium Mittelfranken, \u00fcbermittelt durch news aktuell<\/p>\n","protected":false},"excerpt":{"rendered":"30.06.2025 \u2013 12:40 Polizeipr\u00e4sidium Mittelfranken N\u00fcrnberg (ots) Seit Freitagnachmittag (27.06.2025) wird der 71-j\u00e4hrige Herr S. aus dem Klinikum&hellip;\n","protected":false},"author":2,"featured_media":108,"comment_status":"","ping_status":"","sticky":false,"template":"","format":"standard","meta":{"footnotes":""},"categories":[1837],"tags":[772,2918,3364,29,30,177,3783,121,178,180,179,181],"class_list":{"0":"post-231061","1":"post","2":"type-post","3":"status-publish","4":"format-standard","5":"has-post-thumbnail","7":"category-nuernberg","8":"tag-bayern","9":"tag-by","10":"tag-de","11":"tag-deutschland","12":"tag-germany","13":"tag-kriminalitt","14":"tag-nuernberg","15":"tag-polizei","16":"tag-presse","17":"tag-pressemeldung","18":"tag-pressemitteilung","19":"tag-pressemitteilungen"},"share_on_mastodon":{"url":"https:\/\/pubeurope.com\/@de\/114772181242763646","error":""},"_links":{"self":[{"href":"https:\/\/www.europesays.com\/de\/wp-json\/wp\/v2\/posts\/231061","targetHints":{"allow":["GET"]}}],"collection":[{"href":"https:\/\/www.europesays.com\/de\/wp-json\/wp\/v2\/posts"}],"about":[{"href":"https:\/\/www.europesays.com\/de\/wp-json\/wp\/v2\/types\/post"}],"author":[{"embeddable":true,"href":"https:\/\/www.europesays.com\/de\/wp-json\/wp\/v2\/users\/2"}],"replies":[{"embeddable":true,"href":"https:\/\/www.europesays.com\/de\/wp-json\/wp\/v2\/comments?post=231061"}],"version-history":[{"count":0,"href":"https:\/\/www.europesays.com\/de\/wp-json\/wp\/v2\/posts\/231061\/revisions"}],"wp:featuredmedia":[{"embeddable":true,"href":"https:\/\/www.europesays.com\/de\/wp-json\/wp\/v2\/media\/108"}],"wp:attachment":[{"href":"https:\/\/www.europesays.com\/de\/wp-json\/wp\/v2\/media?parent=231061"}],"wp:term":[{"taxonomy":"category","embeddable":true,"href":"https:\/\/www.europesays.com\/de\/wp-json\/wp\/v2\/categories?post=231061"},{"taxonomy":"post_tag","embeddable":true,"href":"https:\/\/www.europesays.com\/de\/wp-json\/wp\/v2\/tags?post=231061"}],"curies":[{"name":"wp","href":"https:\/\/api.w.org\/{rel}","templated":true}]}}