{"id":231117,"date":"2025-06-30T12:24:11","date_gmt":"2025-06-30T12:24:11","guid":{"rendered":"https:\/\/www.europesays.com\/de\/231117\/"},"modified":"2025-06-30T12:24:11","modified_gmt":"2025-06-30T12:24:11","slug":"explosionen-und-feuer-auf-hochhaus-baustelle","status":"publish","type":"post","link":"https:\/\/www.europesays.com\/de\/231117\/","title":{"rendered":"Explosionen und Feuer auf Hochhaus-Baustelle"},"content":{"rendered":"<p class=\"paragraph tw-mx-auto tw-mb-6\">Auf dem Dach der Baustelle des \u201eJohn Jahr Hauses\u201c in Berlin ist am Montagmorgen ein Feuer ausgebrochen. \u201eEs gibt zum jetzigen Stand keine Verletzten. Wir sind sehr froh, dass die Feuerwehr alles so schnell und gut unter Kontrolle gebracht hat\u201c, sagte Josef Girshovich, Sprecher der Hamburger Eigent\u00fcmerfamilie Jahr, der Deutschen Presse-Agentur.<\/p>\n<p><img decoding=\"async\" src=\"https:\/\/www.europesays.com\/de\/wp-content\/uploads\/2025\/06\/791f664b-0cca-47ed-911f-13c3932bc0be.jpeg\" loading=\"lazy\" alt=\"Dunkler Rauch steigt auf. Es soll auch zu Explosionen gekommen sein.\"\/><img decoding=\"async\" alt=\"Bild vergr\u00f6\u00dfern\" class=\"sm:tw-w-9 sm:tw-h-9\" src=\"https:\/\/www.nordkurier.de\/_next\/static\/media\/imageExpand.10dba927.svg\"\/><\/p>\n<p>Dunkler Rauch steigt auf. Es soll auch zu Explosionen gekommen sein. (Foto: IMAGO\/Anadolu Agentur)<\/p>\n<p>Bauarbeiter fl\u00fcchteten \u00fcber Au\u00dfenfahrstuhl<\/p>\n<p class=\"paragraph tw-mx-auto tw-mb-6\">Nach Angaben der Feuerwehr wurde der Brand auf dem Dach gel\u00f6scht, nun werde aber noch gepr\u00fcft, ob er sich m\u00f6glicherweise im Innern des Geb\u00e4udes ausgebreitet hat.<\/p>\n<p class=\"paragraph tw-mx-auto tw-mb-6\">Die Ermittlungen zur Brandursache werden von der Polizei \u00fcbernommen, wie ein Polizeisprecher best\u00e4tigte. Die Hochhausbaustelle befindet sich an der Ecke Kurf\u00fcrstenstra\u00dfe\/An der Urania. Das Haus hat laut dem Sprecher der Eigent\u00fcmer 17 Etagen und ist etwa 70 Meter hoch.<\/p>\n<p class=\"paragraph tw-mx-auto tw-mb-6\">Die Feuerwehr ist laut einem Sprecher mit etwa 130 Einsatzkr\u00e4ften vor Ort. \u201eWir wurden um 8.26 Uhr alarmiert\u201c, sagte der Sprecher. Dunkler Rauch stieg auf, der weit \u00fcber die Baustelle hinaus zu sehen war. Es kam am Morgen au\u00dferdem zu Explosionen auf dem Dach, wie ein dpa-Reporter berichtete. Die Bauarbeiter brachten sich mit einem Au\u00dfenfahrstuhl in Sicherheit. Der Verkehr wurde umgeleitet.<\/p>\n<p><img decoding=\"async\" src=\"https:\/\/www.europesays.com\/de\/wp-content\/uploads\/2025\/06\/54234962-de8a-45a1-8952-ee0475ea11e0.jpeg\" loading=\"lazy\" alt=\"Das Berliner Hochhaus hat laut Sprecher der Eigent\u00fcmerfamilie 17 Etagen.\"\/><img decoding=\"async\" alt=\"Bild vergr\u00f6\u00dfern\" class=\"sm:tw-w-9 sm:tw-h-9\" src=\"https:\/\/www.nordkurier.de\/_next\/static\/media\/imageExpand.10dba927.svg\"\/><\/p>\n<p>Das Berliner Hochhaus hat laut Sprecher der Eigent\u00fcmerfamilie 17 Etagen. (Foto: IMAGO\/Anadolu Agentur)<\/p>\n<p class=\"paragraph tw-mx-auto tw-mb-6\">Das \u201eJohn Jahr Haus\u201c wurde vom deutsch-amerikanischen B\u00fcro Barkow Leibinger entworfen. Fr\u00fcher stand dort das \u201eConstanze-Pressehaus\u201c. Aus dem B\u00fcro stammen auch die Pl\u00e4ne f\u00fcr die Hauptverwaltung von Total am Hauptbahnhof und den Estrel Tower &#8211; Berlins ersten Wolkenkratzer in Neuk\u00f6lln.<\/p>\n<p class=\"paragraph tw-mx-auto tw-mb-6\">Die Bauarbeiter brachten sich mit einem Au\u00dfenfahrstuhl in Sicherheit. Der Verkehr wurde umgeleitet. Das Haus hat laut Sprecher der Eigent\u00fcmerfamilie 17 Etagen.<\/p>\n","protected":false},"excerpt":{"rendered":"Auf dem Dach der Baustelle des \u201eJohn Jahr Hauses\u201c in Berlin ist am Montagmorgen ein Feuer ausgebrochen. \u201eEs&hellip;\n","protected":false},"author":2,"featured_media":231118,"comment_status":"","ping_status":"","sticky":false,"template":"","format":"standard","meta":{"footnotes":""},"categories":[1825],"tags":[48,53542,1349,72920,72929,72916,72917,6399,70211,296,8436,72927,55958,3483,282,72921,34105,29,72930,8699,47045,2805,72923,72931,987,36070,10019,72924,9031,30,5463,25383,72928,44412,7739,72918,15,66531,24564,72915,72932,50250,10044,52319,72926,67144,524,72922,72925,29760,72914,38294,72919],"class_list":{"0":"post-231117","1":"post","2":"type-post","3":"status-publish","4":"format-standard","5":"has-post-thumbnail","7":"category-berlin","8":"tag-48","9":"tag-53542","10":"tag-aktuelles","11":"tag-am","12":"tag-andere","13":"tag-aufgang","14":"tag-aufsteigt","15":"tag-bau","16":"tag-bekommen","17":"tag-berlin","18":"tag-berliner","19":"tag-beruehren","20":"tag-bitte","21":"tag-boden","22":"tag-der","23":"tag-des","24":"tag-desaster","25":"tag-deutschland","26":"tag-disaster","27":"tag-drei","28":"tag-einer","29":"tag-explosion","30":"tag-explosionen","31":"tag-explosionsgeschuetzte","32":"tag-feuer","33":"tag-fuer","34":"tag-gebaeude","35":"tag-gehoert","36":"tag-gelaende","37":"tag-germany","38":"tag-hohe","39":"tag-im","40":"tag-jeder","41":"tag-juni","42":"tag-kreis","43":"tag-nachdem","44":"tag-news","45":"tag-nur","46":"tag-nutzung","47":"tag-pausen","48":"tag-premiumd","49":"tag-quer","50":"tag-rauch","51":"tag-raus","52":"tag-redaktionelle","53":"tag-spitze","54":"tag-strasse","55":"tag-unterhalb","56":"tag-waehrend","57":"tag-wuerden","58":"tag-x0x","59":"tag-zeitgeschehen","60":"tag-zerbrach"},"share_on_mastodon":{"url":"","error":"Validation failed: Text character limit of 500 exceeded"},"_links":{"self":[{"href":"https:\/\/www.europesays.com\/de\/wp-json\/wp\/v2\/posts\/231117","targetHints":{"allow":["GET"]}}],"collection":[{"href":"https:\/\/www.europesays.com\/de\/wp-json\/wp\/v2\/posts"}],"about":[{"href":"https:\/\/www.europesays.com\/de\/wp-json\/wp\/v2\/types\/post"}],"author":[{"embeddable":true,"href":"https:\/\/www.europesays.com\/de\/wp-json\/wp\/v2\/users\/2"}],"replies":[{"embeddable":true,"href":"https:\/\/www.europesays.com\/de\/wp-json\/wp\/v2\/comments?post=231117"}],"version-history":[{"count":0,"href":"https:\/\/www.europesays.com\/de\/wp-json\/wp\/v2\/posts\/231117\/revisions"}],"wp:featuredmedia":[{"embeddable":true,"href":"https:\/\/www.europesays.com\/de\/wp-json\/wp\/v2\/media\/231118"}],"wp:attachment":[{"href":"https:\/\/www.europesays.com\/de\/wp-json\/wp\/v2\/media?parent=231117"}],"wp:term":[{"taxonomy":"category","embeddable":true,"href":"https:\/\/www.europesays.com\/de\/wp-json\/wp\/v2\/categories?post=231117"},{"taxonomy":"post_tag","embeddable":true,"href":"https:\/\/www.europesays.com\/de\/wp-json\/wp\/v2\/tags?post=231117"}],"curies":[{"name":"wp","href":"https:\/\/api.w.org\/{rel}","templated":true}]}}