{"id":231151,"date":"2025-06-30T12:45:11","date_gmt":"2025-06-30T12:45:11","guid":{"rendered":"https:\/\/www.europesays.com\/de\/231151\/"},"modified":"2025-06-30T12:45:11","modified_gmt":"2025-06-30T12:45:11","slug":"bewaffneter-raub-in-gelsenkirchen-radio-emscher-lippe","status":"publish","type":"post","link":"https:\/\/www.europesays.com\/de\/231151\/","title":{"rendered":"Bewaffneter Raub in Gelsenkirchen &#8211; Radio Emscher Lippe"},"content":{"rendered":"<p class=\"small date article__date\">Ver\u00f6ffentlicht:\u00a0Montag, 30.06.2025 14:30<\/p>\n<p>Auf der Wanner Stra\u00dfe in Gelsenkirchen hat es einen bewaffneten Raub\u00fcberfall gegeben.<\/p>\n<p><img decoding=\"async\" alt=\"\" src=\"https:\/\/www.europesays.com\/de\/wp-content\/uploads\/2025\/06\/adobestock_188265235.jpeg&#038;crop=1464x0x4068x2542&#038;resize=1280x799&#038;dt=202002241415160.jpeg\" data-size=\"1280x799\"\/>\u00a9 m.mphoto &#8211; stock.adobe.com<\/p>\n<ul>\n<li><strong>Unbekannter T\u00e4ter soll Mitarbeiterin &amp; Hund eingesperrt haben<\/strong><\/li>\n<li><strong>Danach habe er Geld aus dem Tresor gestohlen und sei gefl\u00fcchtet<\/strong><\/li>\n<\/ul>\n<p>Gestern fr\u00fch (29.06.) gegen 6 Uhr h\u00f6rte ein Zeuge ungew\u00f6hnliche Klopfger\u00e4usche aus einer Spielhalle auf der Wanner Stra\u00dfe in Gelsenkirchen. Deshalb hat er die Polizei gerufen. Vor Ort haben die Einsatzkr\u00e4fte eine 62-j\u00e4hrige Mitarbeiterin gefunden, die zusammen mit ihrem Hund in der Toilette eingeschlossen war. Die Frau blieb unverletzt, berichtete aber von einem \u00dcberfall kurz nach dem Aufschlie\u00dfen der Halle. Ein bislang unbekannter T\u00e4ter soll sie mit einer Pistole bedroht, in die Toilette gesperrt und Bargeld aus dem Tresor gestohlen haben. Anschlie\u00dfend fl\u00fcchtete er. Laut der Angestellten war der Mann etwa 1,80 Meter gro\u00df, komplett schwarz gekleidet und bedeckte sein Gesicht mit einer Maske oder einem hochgezogenen Kragen. Die Polizei Gelsenkirchen bittet um Hinweise. Falls ihr etwas gesehen habt, sollt ihr euch beim zust\u00e4ndigen Kriminalkommissariat 21 (0209 365 8112) oder bei der Kriminalwache (0209 365 8240) melden.<\/p>\n","protected":false},"excerpt":{"rendered":"Ver\u00f6ffentlicht:\u00a0Montag, 30.06.2025 14:30 Auf der Wanner Stra\u00dfe in Gelsenkirchen hat es einen bewaffneten Raub\u00fcberfall gegeben. \u00a9 m.mphoto &#8211;&hellip;\n","protected":false},"author":2,"featured_media":231152,"comment_status":"","ping_status":"","sticky":false,"template":"","format":"standard","meta":{"footnotes":""},"categories":[1848],"tags":[72936,72937,3364,29,548,663,3934,3658,30,13,14,15,1209,12,12335],"class_list":{"0":"post-231151","1":"post","2":"type-post","3":"status-publish","4":"format-standard","5":"has-post-thumbnail","7":"category-gelsenkirchen","8":"tag-bewaffneter-raubberfall","9":"tag-spielhalle-ausgeraubt","10":"tag-de","11":"tag-deutschland","12":"tag-eu","13":"tag-europa","14":"tag-europe","15":"tag-gelsenkirchen","16":"tag-germany","17":"tag-headlines","18":"tag-nachrichten","19":"tag-news","20":"tag-nordrhein-westfalen","21":"tag-schlagzeilen","22":"tag-spielhalle"},"share_on_mastodon":{"url":"https:\/\/pubeurope.com\/@de\/114772385720752864","error":""},"_links":{"self":[{"href":"https:\/\/www.europesays.com\/de\/wp-json\/wp\/v2\/posts\/231151","targetHints":{"allow":["GET"]}}],"collection":[{"href":"https:\/\/www.europesays.com\/de\/wp-json\/wp\/v2\/posts"}],"about":[{"href":"https:\/\/www.europesays.com\/de\/wp-json\/wp\/v2\/types\/post"}],"author":[{"embeddable":true,"href":"https:\/\/www.europesays.com\/de\/wp-json\/wp\/v2\/users\/2"}],"replies":[{"embeddable":true,"href":"https:\/\/www.europesays.com\/de\/wp-json\/wp\/v2\/comments?post=231151"}],"version-history":[{"count":0,"href":"https:\/\/www.europesays.com\/de\/wp-json\/wp\/v2\/posts\/231151\/revisions"}],"wp:featuredmedia":[{"embeddable":true,"href":"https:\/\/www.europesays.com\/de\/wp-json\/wp\/v2\/media\/231152"}],"wp:attachment":[{"href":"https:\/\/www.europesays.com\/de\/wp-json\/wp\/v2\/media?parent=231151"}],"wp:term":[{"taxonomy":"category","embeddable":true,"href":"https:\/\/www.europesays.com\/de\/wp-json\/wp\/v2\/categories?post=231151"},{"taxonomy":"post_tag","embeddable":true,"href":"https:\/\/www.europesays.com\/de\/wp-json\/wp\/v2\/tags?post=231151"}],"curies":[{"name":"wp","href":"https:\/\/api.w.org\/{rel}","templated":true}]}}