{"id":231157,"date":"2025-06-30T12:48:24","date_gmt":"2025-06-30T12:48:24","guid":{"rendered":"https:\/\/www.europesays.com\/de\/231157\/"},"modified":"2025-06-30T12:48:24","modified_gmt":"2025-06-30T12:48:24","slug":"stipendium-nicholas-stampf-darf-in-willemsen-villa-arbeiten-mannheim","status":"publish","type":"post","link":"https:\/\/www.europesays.com\/de\/231157\/","title":{"rendered":"Stipendium: Nicholas Stampf darf in Willemsen-Villa arbeiten &#8211; Mannheim"},"content":{"rendered":"<p><b>Das zweite Mannheimer Stipendium in Gedenken an Roger Willemsen bekommt der Mannheimer Musiker Nicholas Stampf.<\/b><\/p>\n<p>Die Stadt <a class=\"rtr-entity\" data-rtr-entity=\"Mannheim\" data-rtr-id=\"8e39f98d121d00ffdaf4f78a2ae2e7dea2653ba7\" data-rtr-score=\"44.50389105058366\" data-rtr-etype=\"location\" data-rtr-index=\"14\" href=\"https:\/\/www.rheinpfalz.de\/lokal\/mannheim.html?utm_source=rheinpfalz.de&amp;utm_medium=tms&amp;utm_campaign=intext\" target=\"_blank\" rel=\"noopener\">Mannheim<\/a>, die Alte Feuerwache, das mare-K\u00fcnstlerhaus in Wentorf bei Hamburg und die Roger Willemsen Stiftung erinnern mit dem Stipendium an die besondere Beziehung des Autors, Moderators  und Publizisten Roger Willemsen (1955-2016) zu Mannheim und an seinen Beitrag zum kulturellen Leben in der Stadt. So war er langj\u00e4hriger Schirmherr und Programmleiter des 2007 gegr\u00fcndeten Literaturfestivals \u201eLesen H\u00f6ren\u201c in der Alten Feuerwache.  <\/p>\n<p>Eine Mannheimer Jury hatte aus elf Bewerbungen eine Vorauswahl getroffen und drei K\u00fcnstlerinnen und K\u00fcnstler der Jury des Stiftungskuratoriums der Roger Willemsen Stiftung vorgeschlagen. Sie entschied sich f\u00fcr den  Musiker Nicholas Stampf. Der Mannheimer, Jahrgang 1998, ist Absolvent der Popakademie Baden-W\u00fcrttemberg. Er spielt seit seinem achten Lebensjahr Schlagzeug und war schon zu fr\u00fchen Schulzeiten mehrfacher Bundespreistr\u00e4ger von \u201eJugend musiziert\u201c. Er sammelte Erfahrungen in zahlreichen Projekten ganz unterschiedlicher Musikstile. <\/p>\n<p>\u201eZeit und Raum zum ergebnisoffenen Arbeiten\u201c<\/p>\n<p>Das Stipendium umfasst einen vierw\u00f6chigen Aufenthalt im mare-K\u00fcnstlerhaus, der von Roger Willemsen 2015 erworbenen Villa in Wentorf bei Hamburg, sowie Fahrtkosten und Taschengeld. Im Sinne Roger Willemsens soll Stampf \u201eZeit und Raum zum ergebnisoffenen Arbeiten\u201c haben, wie die Stadtverwaltung mitteilt.  Der genaue Zeitpunkt wird individuell festgelegt.<\/p>\n","protected":false},"excerpt":{"rendered":"Das zweite Mannheimer Stipendium in Gedenken an Roger Willemsen bekommt der Mannheimer Musiker Nicholas Stampf. Die Stadt Mannheim,&hellip;\n","protected":false},"author":2,"featured_media":231158,"comment_status":"","ping_status":"","sticky":false,"template":"","format":"standard","meta":{"footnotes":""},"categories":[1845],"tags":[1634,3364,29,548,663,3934,30,13,4060,2096,14,15,72938,72939,12,34337,72940],"class_list":{"0":"post-231157","1":"post","2":"type-post","3":"status-publish","4":"format-standard","5":"has-post-thumbnail","7":"category-mannheim","8":"tag-baden-wuerttemberg","9":"tag-de","10":"tag-deutschland","11":"tag-eu","12":"tag-europa","13":"tag-europe","14":"tag-germany","15":"tag-headlines","16":"tag-lokal","17":"tag-mannheim","18":"tag-nachrichten","19":"tag-news","20":"tag-nicholas-stampf","21":"tag-roger-willemsen","22":"tag-schlagzeilen","23":"tag-stipendium","24":"tag-wentorf-bei-hamburg"},"share_on_mastodon":{"url":"https:\/\/pubeurope.com\/@de\/114772397531881990","error":""},"_links":{"self":[{"href":"https:\/\/www.europesays.com\/de\/wp-json\/wp\/v2\/posts\/231157","targetHints":{"allow":["GET"]}}],"collection":[{"href":"https:\/\/www.europesays.com\/de\/wp-json\/wp\/v2\/posts"}],"about":[{"href":"https:\/\/www.europesays.com\/de\/wp-json\/wp\/v2\/types\/post"}],"author":[{"embeddable":true,"href":"https:\/\/www.europesays.com\/de\/wp-json\/wp\/v2\/users\/2"}],"replies":[{"embeddable":true,"href":"https:\/\/www.europesays.com\/de\/wp-json\/wp\/v2\/comments?post=231157"}],"version-history":[{"count":0,"href":"https:\/\/www.europesays.com\/de\/wp-json\/wp\/v2\/posts\/231157\/revisions"}],"wp:featuredmedia":[{"embeddable":true,"href":"https:\/\/www.europesays.com\/de\/wp-json\/wp\/v2\/media\/231158"}],"wp:attachment":[{"href":"https:\/\/www.europesays.com\/de\/wp-json\/wp\/v2\/media?parent=231157"}],"wp:term":[{"taxonomy":"category","embeddable":true,"href":"https:\/\/www.europesays.com\/de\/wp-json\/wp\/v2\/categories?post=231157"},{"taxonomy":"post_tag","embeddable":true,"href":"https:\/\/www.europesays.com\/de\/wp-json\/wp\/v2\/tags?post=231157"}],"curies":[{"name":"wp","href":"https:\/\/api.w.org\/{rel}","templated":true}]}}