{"id":231169,"date":"2025-06-30T12:54:13","date_gmt":"2025-06-30T12:54:13","guid":{"rendered":"https:\/\/www.europesays.com\/de\/231169\/"},"modified":"2025-06-30T12:54:13","modified_gmt":"2025-06-30T12:54:13","slug":"bericht-arminia-bielefeld-vor-der-verpflichtung-von-stuttgart-talent","status":"publish","type":"post","link":"https:\/\/www.europesays.com\/de\/231169\/","title":{"rendered":"Bericht: Arminia Bielefeld vor der Verpflichtung von Stuttgart-Talent"},"content":{"rendered":"<p id=\"absatz1\" class=\"em_text\">Bielefeld. Arminia Bielefeld steht offenbar unmittelbar vor der dritten Neuverpflichtung dieses Transfersommers. Laut Sky-Reporter Dennis Bayer sollen sich der DSC und Offensivspieler Benjamin Boakye bereits m\u00fcndlich auf eine Zusammenarbeit geeinigt haben. Der obligatorische Medizincheck soll in den kommenden Tagen durchgef\u00fchrt werden.<\/p>\n<p id=\"absatz2\" class=\"em_text\">Boakye, der sowohl \u00fcber die linke als auch die rechte Offensivseite zum Einsatz kommen kann, absolvierte in der zur\u00fcckliegenden Saison 32 Drittligaspiele f\u00fcr die zweite Mannschaft des VfB Stuttgart. Dabei erzielte er f\u00fcnf Tore und bereitete zwei weitere Treffer vor. Beim 3:0-Erfolg der Schwaben \u00fcber die Bielefelder am 7. Spieltag steuerte er das Tor zum 2:0 bei. Zudem sammelte Boakye einen Kurzeinsatz in der Champions League. Bei der 1:5-Ausw\u00e4rtsniederlage gegen Roter Stern Belgrad stand der 1,80 Meter gro\u00dfe Rechtsfu\u00df sechs Minuten auf dem Feld.<\/p>\n<p id=\"absatz4\" class=\"em_text\">Der 20-J\u00e4hrige w\u00e4re der erste Offensivzugang dieser Transferperiode. Zuvor hatte Sportchef Michael Mutzel bereits angek\u00fcndigt, insbesondere im Angriff nachr\u00fcsten zu wollen. \u201eWir werden uns in der Offensive verst\u00e4rken\u201c, hatte der 46-J\u00e4hrige <a href=\"https:\/\/www.nw.de\/sport\/fussball\/dsc_arminia_bielefeld\/24125875_Arminias-Sportchef-Mutzel-ueber-moegliche-Abgaenge-Dass-Vereine-anklopfen-ist-normal.html\" target=\"_blank\" rel=\"noopener\">am Rande des Trainingsauftakts in der vergangenen Woche erkl\u00e4rt.<\/a> Zum aktuellen Ger\u00fccht wollte sich der Klub nicht \u00e4u\u00dfern.<\/p>\n<p>\n        \u00d7\n    <\/p>\n<p>\n            Sie erhalten in wenigen Minuten eine E-Mail zur Best\u00e4tigung Ihrer Anmeldung.\n        <\/p>\n<p>Erst danach ist diese abgeschlossen.<\/p>\n<p>Bitte pr\u00fcfen Sie auch den Spam-Ordner.<\/p>\n<p>\n        \u00d7\n    <\/p>\n<p>\n            Sie haben bisher Ihre E-Mail-Adresse noch nicht best\u00e4tigt.\n        <\/p>\n<p>Erst danach ist diese abgeschlossen.<\/p>\n<p>Bitte pr\u00fcfen Sie auch den Spam-Ordner.<\/p>\n<p>\n        \u00d7\n    <\/p>\n<p>\n            Es ist einen Fehler aufgetreten\n        <\/p>\n<p>Bei Fragen hilft unser Newsletter-Support<\/p>\n<p> Newsletter<\/p>\n<p> DSC Arminia Bielefeld<\/p>\n<p>W\u00f6chentlich alle News rund um Arminia Bielefeld.<\/p>\n<p>                Jetzt anmelden<\/p>\n<p id=\"absatz5\"><b class=\"bold\">Lesen Sie auch: <\/b><a href=\"https:\/\/www.nw.de\/sport\/fussball\/dsc_arminia_bielefeld\/24127416_Arminia-Trainer-Kniat-ueber-weitere-Transfers-Sind-in-guten-Gespraechen.html\" target=\"_blank\" rel=\"noopener\">Arminia-Trainer Kniat \u00fcber weitere Transfers: \u201eSind in guten Gespr\u00e4chen\u201c <\/a><\/p>\n<p>Boakye erh\u00f6ht den Konkurrenzkampf<\/p>\n<p id=\"absatz6\" class=\"em_text\">Mit Noah Sarenren Bazee, Isaiah Young und Mika Schroers stehen bislang drei klassische Au\u00dfenbahnspieler im Arminia-Kader. Auch Joel Grodowski k\u00f6nnte diese Position bekleiden. Mit einer Verpflichtung Boakyes w\u00fcrden sich die Optionen von Trainer Mitch Kniat in diesem Mannschaftsteil noch einmal erh\u00f6hen.<\/p>\n<p id=\"absatz7\"><b class=\"bold\">Saison 2025\/26: <\/b><a href=\"https:\/\/www.nw.de\/sport\/fussball\/dsc_arminia_bielefeld\/24127272_Arminia-Bielefeld-startet-mit-Heimspiel-gegen-Duesseldorf-SC-Paderborn-gegen-Kiel.html\" target=\"_blank\" rel=\"noopener\">Arminia Bielefeld startet mit Heimspiel gegen D\u00fcsseldorf \u2013 SC Paderborn gegen Kiel <\/a><\/p>\n","protected":false},"excerpt":{"rendered":"Bielefeld. Arminia Bielefeld steht offenbar unmittelbar vor der dritten Neuverpflichtung dieses Transfersommers. Laut Sky-Reporter Dennis Bayer sollen sich&hellip;\n","protected":false},"author":2,"featured_media":231170,"comment_status":"","ping_status":"","sticky":false,"template":"","format":"standard","meta":{"footnotes":""},"categories":[1841],"tags":[2368,72942,1605,24299,3364,72941,29,30,4281,1611,1606,1608,734,2381,2380,1613,2373,65922,1209,4279,3165,52413,23437,2915],"class_list":{"0":"post-231169","1":"post","2":"type-post","3":"status-publish","4":"format-standard","5":"has-post-thumbnail","7":"category-bielefeld","8":"tag-arminia-bielefeld","9":"tag-benjamin-boakye","10":"tag-bielefeld","11":"tag-british-sky-broadcasting-group","12":"tag-de","13":"tag-dennis-bayer","14":"tag-deutschland","15":"tag-germany","16":"tag-label_arminia","17":"tag-label_informiere-mich","18":"tag-label_m-80","19":"tag-label_top-news","20":"tag-meta_artikelklasse_nachricht","21":"tag-meta_copyrights_rgowl_freier_mitarbeiter","22":"tag-meta_themen_arminia_bielefeld","23":"tag-meta_userneeds_informieremich","24":"tag-mitch-kniat","25":"tag-neuverpflichtung","26":"tag-nordrhein-westfalen","27":"tag-serie_nlarminia","28":"tag-transfermarkt","29":"tag-transfersommer","30":"tag-verpflichtung","31":"tag-vfb-stuttgart"},"share_on_mastodon":{"url":"","error":"Validation failed: Text character limit of 500 exceeded"},"_links":{"self":[{"href":"https:\/\/www.europesays.com\/de\/wp-json\/wp\/v2\/posts\/231169","targetHints":{"allow":["GET"]}}],"collection":[{"href":"https:\/\/www.europesays.com\/de\/wp-json\/wp\/v2\/posts"}],"about":[{"href":"https:\/\/www.europesays.com\/de\/wp-json\/wp\/v2\/types\/post"}],"author":[{"embeddable":true,"href":"https:\/\/www.europesays.com\/de\/wp-json\/wp\/v2\/users\/2"}],"replies":[{"embeddable":true,"href":"https:\/\/www.europesays.com\/de\/wp-json\/wp\/v2\/comments?post=231169"}],"version-history":[{"count":0,"href":"https:\/\/www.europesays.com\/de\/wp-json\/wp\/v2\/posts\/231169\/revisions"}],"wp:featuredmedia":[{"embeddable":true,"href":"https:\/\/www.europesays.com\/de\/wp-json\/wp\/v2\/media\/231170"}],"wp:attachment":[{"href":"https:\/\/www.europesays.com\/de\/wp-json\/wp\/v2\/media?parent=231169"}],"wp:term":[{"taxonomy":"category","embeddable":true,"href":"https:\/\/www.europesays.com\/de\/wp-json\/wp\/v2\/categories?post=231169"},{"taxonomy":"post_tag","embeddable":true,"href":"https:\/\/www.europesays.com\/de\/wp-json\/wp\/v2\/tags?post=231169"}],"curies":[{"name":"wp","href":"https:\/\/api.w.org\/{rel}","templated":true}]}}