{"id":231261,"date":"2025-06-30T13:42:10","date_gmt":"2025-06-30T13:42:10","guid":{"rendered":"https:\/\/www.europesays.com\/de\/231261\/"},"modified":"2025-06-30T13:42:10","modified_gmt":"2025-06-30T13:42:10","slug":"charite-berlin-muslimische-studentengruppe-jetzt-verboten-regional","status":"publish","type":"post","link":"https:\/\/www.europesays.com\/de\/231261\/","title":{"rendered":"Charit\u00e9 Berlin: Muslimische Studentengruppe jetzt verboten | Regional"},"content":{"rendered":"<p>Berlin \u2013\u00a0<b>Geschlechtertrennung in den H\u00f6rs\u00e4len der weltber\u00fchmten Charit\u00e9 \u2013 das hat jetzt Konsequenzen! Das Universit\u00e4tsklinikum geht gegen die muslimische Studentengruppe \u201eMedislam Collective\u201c vor. Sie darf ab sofort keine Veranstaltungen mehr in der Charit\u00e9 durchf\u00fchren.<\/b><\/p>\n<p>Auf Instagram hatte die Gruppe Videos von Vorlesungen ver\u00f6ffentlicht, bei denen Frauen und M\u00e4nner getrennt im H\u00f6rsaal der Charit\u00e9 <a href=\"https:\/\/www.bild.de\/regional\/berlin\/berlin-regional\/home-15823246.bild.html\" class=\"text-link\" rel=\"nofollow noopener\" target=\"_blank\">Berlin<\/a> sitzen. Unklar ist, ob das Auseinandersetzen freiwillig geschah oder angeordnet wurde. <\/p>\n<p><img decoding=\"async\" width=\"992\" height=\"857\" alt=\"Der Workshop f\u00fcr die \u201eSchwestern\u201c\" src=\"https:\/\/www.europesays.com\/de\/wp-content\/uploads\/2025\/06\/dfbe91a970f75037d567418db816cd00,d8036942\"   class=\"dynamic\" loading=\"lazy\"\/><\/p>\n<p class=\"fig__caption__text\">Der Workshop f\u00fcr die \u201eSchwestern\u201c bietet Kalligrafie an<\/p>\n<p>Foto: msc_berlin\/Instagram<\/p>\n<p>Bei anderen Veranstaltungen hatte \u201eMedislam Collective\u201c unterschiedliche Aktivit\u00e4ten f\u00fcr Frauen (\u201eActivity-Day f\u00fcr Schwestern\u201c) und M\u00e4nner (\u201eBr\u00fcder Activity Day\u201c) organisiert.<\/p>\n<p><b>Allesamt keine offiziellen Veranstaltungen der Charit\u00e9 \u2013 trotzdem ist man im Uni-Klinikum alarmiert: \u201eMedislam Collective\u201c ist vorerst nicht mehr willkommen!<\/b><\/p>\n<p><img decoding=\"async\" width=\"992\" height=\"1178\" alt=\"Das Event f\u00fcr die \u201eBr\u00fcder\u201c\" src=\"https:\/\/www.europesays.com\/de\/wp-content\/uploads\/2025\/06\/1ffc2b25ce93f05ca8084342816c64be,dc19585f\"   class=\"portrait\" loading=\"lazy\"\/><\/p>\n<p class=\"fig__caption__text\">Das Event f\u00fcr die \u201eBr\u00fcder\u201c: ein Aktivit\u00e4tstag mit u.a. Tischtennis<\/p>\n<p>Foto: msc_berlin\/Instagram<\/p>\n<p>Ein Charit\u00e9-Sprecher zu BILD: \u201eAufgrund der aktuellen Hinweise und zur Sicherstellung eines diskriminierungsfreien, integrativen und wertebasierten <a href=\"https:\/\/www.bild.de\/themen\/specials\/hochschulen\/universitaeten-fachhochschulen-berufsakademien-02-42689310.bild.html\" class=\"text-link\" rel=\"nofollow noopener\" target=\"_blank\">Hochschulraums<\/a> wird der Gruppe ab sofort und bis auf Weiteres die Durchf\u00fchrung von Aktivit\u00e4ten und Veranstaltungen in den R\u00e4umlichkeiten der Charit\u00e9 untersagt.\u201c <\/p>\n<p>Die n\u00e4chste Vorlesung der Gruppe war f\u00fcr den 8. Juli im Albrecht-Kossel-H\u00f6rsaal (Berlin-Mitte) geplant. <\/p>\n<p>Charit\u00e9 pr\u00fcft Komplett-Verbot<\/p>\n<p>Am liebsten m\u00f6chte die Charit\u00e9 die umstrittene Studentengruppe komplett loswerden \u2013 doch das ist wegen der Hochschulautonomie nicht so einfach. \u201eEine weitere inhaltliche und rechtliche Pr\u00fcfung der Aktivit\u00e4ten der Gruppe wird durchgef\u00fchrt. Der Vorstand beh\u00e4lt sich abh\u00e4ngig vom Ergebnis der Pr\u00fcfung weitere Ma\u00dfnahmen vor\u201c, so der Charit\u00e9-Sprecher.<\/p>\n<p>Lesen Sie auch<\/p>\n<p>Die Gruppe ist laut eigener Darstellung auch f\u00fcr Nicht-Muslime offen. Unter einem Instagram-Post von Anfang Mai hie\u00df es: \u201eWir haben das neue Semester gemeinsam gestartet mit einer besinnlichen Koranrezitation \u2013 perfekt f\u00fcr alle neuen Gesichter.\u201c Zum Schluss hei\u00dft es: \u201eWir freuen uns auf alles, was noch ansteht, in sha Allah\u201c (Deutsch: \u201eso Gott will\u201c).<\/p>\n<p>\u201eMedislam Collective\u201c lie\u00df eine Anfrage von BILD unbeantwortet. <\/p>\n","protected":false},"excerpt":{"rendered":"Berlin \u2013\u00a0Geschlechtertrennung in den H\u00f6rs\u00e4len der weltber\u00fchmten Charit\u00e9 \u2013 das hat jetzt Konsequenzen! Das Universit\u00e4tsklinikum geht gegen die&hellip;\n","protected":false},"author":2,"featured_media":228366,"comment_status":"","ping_status":"","sticky":false,"template":"","format":"standard","meta":{"footnotes":""},"categories":[1825],"tags":[296,7408,29,30,3312,17333,45],"class_list":{"0":"post-231261","1":"post","2":"type-post","3":"status-publish","4":"format-standard","5":"has-post-thumbnail","7":"category-berlin","8":"tag-berlin","9":"tag-charite","10":"tag-deutschland","11":"tag-germany","12":"tag-muslime","13":"tag-student","14":"tag-texttospeech"},"share_on_mastodon":{"url":"https:\/\/pubeurope.com\/@de\/114772609967659093","error":""},"_links":{"self":[{"href":"https:\/\/www.europesays.com\/de\/wp-json\/wp\/v2\/posts\/231261","targetHints":{"allow":["GET"]}}],"collection":[{"href":"https:\/\/www.europesays.com\/de\/wp-json\/wp\/v2\/posts"}],"about":[{"href":"https:\/\/www.europesays.com\/de\/wp-json\/wp\/v2\/types\/post"}],"author":[{"embeddable":true,"href":"https:\/\/www.europesays.com\/de\/wp-json\/wp\/v2\/users\/2"}],"replies":[{"embeddable":true,"href":"https:\/\/www.europesays.com\/de\/wp-json\/wp\/v2\/comments?post=231261"}],"version-history":[{"count":0,"href":"https:\/\/www.europesays.com\/de\/wp-json\/wp\/v2\/posts\/231261\/revisions"}],"wp:featuredmedia":[{"embeddable":true,"href":"https:\/\/www.europesays.com\/de\/wp-json\/wp\/v2\/media\/228366"}],"wp:attachment":[{"href":"https:\/\/www.europesays.com\/de\/wp-json\/wp\/v2\/media?parent=231261"}],"wp:term":[{"taxonomy":"category","embeddable":true,"href":"https:\/\/www.europesays.com\/de\/wp-json\/wp\/v2\/categories?post=231261"},{"taxonomy":"post_tag","embeddable":true,"href":"https:\/\/www.europesays.com\/de\/wp-json\/wp\/v2\/tags?post=231261"}],"curies":[{"name":"wp","href":"https:\/\/api.w.org\/{rel}","templated":true}]}}