{"id":231417,"date":"2025-06-30T15:09:17","date_gmt":"2025-06-30T15:09:17","guid":{"rendered":"https:\/\/www.europesays.com\/de\/231417\/"},"modified":"2025-06-30T15:09:17","modified_gmt":"2025-06-30T15:09:17","slug":"sturm-der-liebe-und-rote-rosen-fallen-mehrere-wochen-aus","status":"publish","type":"post","link":"https:\/\/www.europesays.com\/de\/231417\/","title":{"rendered":"&#8222;Sturm der Liebe&#8220; und &#8222;Rote Rosen&#8220; fallen mehrere Wochen aus"},"content":{"rendered":"<p>Sommerpause in der ARD <\/p>\n<p>&#8222;Sturm der Liebe&#8220; und &#8222;Rote Rosen&#8220; fallen mehrere Wochen aus<\/p>\n<p>Aktualisiert am 30.06.2025 &#8211; 16:09 UhrLesedauer: 2 Min.<\/p>\n<p><a href=\"#focus-0\" class=\"transition-colors duration-200 focus-within:text-magenta block text-current relative\" data-sctrack=\"FocusGalleryImage.Reference\"><img fetchpriority=\"high\" data-testid=\"Opener.Image\" style=\"--lqipURL:url('https:\/\/images.t-online.de\/2025\/06\/vQeSVcM1exoD\/689x292:2578x1450\/fit-in\/150x0\/filters:blur(25)\/katharina-scheuba-und-elias-reichert-sie-spielen-die-hauptrollen-in-sturm-der-liebe.jpg')\"   loading=\"eager\" src=\"https:\/\/www.europesays.com\/de\/wp-content\/uploads\/2025\/06\/katharina-scheuba-und-elias-reichert-sie-spielen-die-hauptrollen-in-sturm-der-liebe.jpg\" alt=\"Katharina Scheuba und Elias Reichert: Sie spielen die Hauptrollen in &quot;Sturm der Liebe&quot;.\" title=\"Katharina Scheuba und Elias Reichert: Sie spielen die Hauptrollen in &quot;Sturm der Liebe&quot;.\" width=\"2578\" height=\"1450\" class=\"bg-[url:var(--lqipURL)] bg-cover bg-center flex h-full w-full max-w-full\" decoding=\"async\"\/><img style=\"--width:32;--height:32\" loading=\"lazy\" src=\"https:\/\/www.t-online.de\/s\/paper\/_next\/static\/media\/zoom-in.f7dae02f.svg\" alt=\"Vergr\u00f6\u00dfern des Bildes\" title=\"Vergr\u00f6\u00dfern des Bildes\" class=\"block h-[calc(var(--height)_\/_16_*_1rem)] w-[calc(var(--width)_\/_16_*_1rem)] max-w-none absolute bottom-8 right-8 rounded-4 bg-snow p-8\" decoding=\"async\"\/><\/a><\/p>\n<p>Katharina Scheuba und Elias Reichert: Sie spielen die Hauptrollen in &#8222;Sturm der Liebe&#8220;. (Quelle: ARD\/Christof Arnold)<\/p>\n<p class=\"font-bold text-18 leading-17\">Seit 20 Jahren l\u00e4uft &#8222;Sturm der Liebe&#8220; im TV. In den n\u00e4chsten Wochen m\u00fcssen die Zuschauer auf die Telenovela verzichten \u2013 auch &#8222;Rote Rosen&#8220; ist betroffen.<\/p>\n<p class=\"text-18 leading-17\">2005 lief die erste Folge von &#8222;Sturm der Liebe&#8220;. Seitdem zieht die Telenovela mit ihren Geschichten rund um den F\u00fcrstenhof die Zuschauer in ihren Bann, sie z\u00e4hlt schon lange zu den beliebtesten Serien der <a class=\"transition-colors duration-200 cursor-pointer text-inherit no-underline text-salemsfur md:hover:text-magenta md:hover:border-magenta md:focus:text-magenta border-current border-b border-solid break-words\" href=\"https:\/\/www.t-online.de\/themen\/ard\/\" data-sctrack=\"BodyAnchor\" target=\"_blank\" rel=\"noopener\">ARD<\/a>. Millionen von Menschen schalten montags bis freitags um 15.10 Uhr ins Erste, um die neue Folge zu schauen.<\/p>\n<p class=\"text-18 leading-17\">In den kommenden Wochen jedoch m\u00fcssen Fans auf die Dramen am F\u00fcrstenhof verzichten. Der Sender hat die Serie vom 30. Juni bis zum 29. August aus dem Programm genommen. Neun Wochen schickt die ARD &#8222;Sturm der Liebe&#8220; in die Sommerpause. Am Montag, dem 1. September, kehrt die Serie dann auf die Bildschirme zur\u00fcck.<\/p>\n<p class=\"text-18 leading-17\">2023 war die Sommerpause mit gerade einmal sechs Wochen wesentlich k\u00fcrzer. Damals mussten die Zuschauer nur vom 12. Juni bis zum 23. Juli 2023 auf &#8222;Sturm der Liebe&#8220; verzichten. Im vergangenen Jahr pausierte die Telenovela dann sogar f\u00fcr drei Monate \u2013 vom 21. Mai bis zum 16. August 2024. Der Grund f\u00fcr die lange Pause 2024: Die ARD setzte stattdessen auf den Sport, zeigte die Fu\u00dfball-Europameisterschaft, die Tour de France und die <a class=\"transition-colors duration-200 cursor-pointer text-inherit no-underline text-salemsfur md:hover:text-magenta md:hover:border-magenta md:focus:text-magenta border-current border-b border-solid break-words\" href=\"https:\/\/www.t-online.de\/sport\/olympia\/\" data-sctrack=\"BodyAnchor\" target=\"_blank\" rel=\"noopener\">Olympischen Spiele<\/a> in <a class=\"transition-colors duration-200 cursor-pointer text-inherit no-underline text-salemsfur md:hover:text-magenta md:hover:border-magenta md:focus:text-magenta border-current border-b border-solid break-words\" href=\"https:\/\/www.t-online.de\/themen\/paris\/\" data-sctrack=\"BodyAnchor\" target=\"_blank\" rel=\"noopener\">Paris<\/a>.<\/p>\n<p class=\"text-18 leading-17\">Auch &#8222;Rote Rosen&#8220; wird sich im Sommer eine l\u00e4ngere Auszeit nehmen. Wie auch &#8222;Sturm der Liebe&#8220; wird die Serie vom 30. Juni bis zum 29. August pausieren. Im vergangenen Jahr hatte ARD &#8222;Rote Rosen&#8220; erst drei Wochen nach &#8222;Sturm der Liebe&#8220; in die Sommerpause geschickt. Dieses Jahr verabschieden sich beide Formate gleichzeitig.<\/p>\n<p class=\"text-18 leading-17\">Auf dem Sendeplatz von &#8222;Rote Rosen&#8220; und &#8222;Sturm der Liebe&#8220; bekommen Fans nun ein anderes Programm geboten. An manchen Tagen zeigt die ARD Spielfilme wie zum Beispiel &#8222;30 Karat Liebe&#8220;. Ab dem 5. Juli setzt der Sender am Nachmittag auf die Tour de France.<\/p>\n","protected":false},"excerpt":{"rendered":"Sommerpause in der ARD &#8222;Sturm der Liebe&#8220; und &#8222;Rote Rosen&#8220; fallen mehrere Wochen aus Aktualisiert am 30.06.2025 &#8211;&hellip;\n","protected":false},"author":2,"featured_media":231418,"comment_status":"","ping_status":"","sticky":false,"template":"","format":"standard","meta":{"footnotes":""},"categories":[1773],"tags":[223,29,72999,214,30,1450,72998,73001,73000,15010,471,1780,12862,15011,72997,34902,215],"class_list":{"0":"post-231417","1":"post","2":"type-post","3":"status-publish","4":"format-standard","5":"has-post-thumbnail","7":"category-serien","8":"tag-ard","9":"tag-deutschland","10":"tag-elias-reichert","11":"tag-entertainment","12":"tag-germany","13":"tag-hauptrolle","14":"tag-katharina-scheuba","15":"tag-martin-walde","16":"tag-robin-schick","17":"tag-rote-rosen","18":"tag-serien","19":"tag-series","20":"tag-sommerpause","21":"tag-sturm-der-liebe","22":"tag-telenovela","23":"tag-tour-de-france","24":"tag-unterhaltung"},"share_on_mastodon":{"url":"https:\/\/pubeurope.com\/@de\/114772952145759057","error":""},"_links":{"self":[{"href":"https:\/\/www.europesays.com\/de\/wp-json\/wp\/v2\/posts\/231417","targetHints":{"allow":["GET"]}}],"collection":[{"href":"https:\/\/www.europesays.com\/de\/wp-json\/wp\/v2\/posts"}],"about":[{"href":"https:\/\/www.europesays.com\/de\/wp-json\/wp\/v2\/types\/post"}],"author":[{"embeddable":true,"href":"https:\/\/www.europesays.com\/de\/wp-json\/wp\/v2\/users\/2"}],"replies":[{"embeddable":true,"href":"https:\/\/www.europesays.com\/de\/wp-json\/wp\/v2\/comments?post=231417"}],"version-history":[{"count":0,"href":"https:\/\/www.europesays.com\/de\/wp-json\/wp\/v2\/posts\/231417\/revisions"}],"wp:featuredmedia":[{"embeddable":true,"href":"https:\/\/www.europesays.com\/de\/wp-json\/wp\/v2\/media\/231418"}],"wp:attachment":[{"href":"https:\/\/www.europesays.com\/de\/wp-json\/wp\/v2\/media?parent=231417"}],"wp:term":[{"taxonomy":"category","embeddable":true,"href":"https:\/\/www.europesays.com\/de\/wp-json\/wp\/v2\/categories?post=231417"},{"taxonomy":"post_tag","embeddable":true,"href":"https:\/\/www.europesays.com\/de\/wp-json\/wp\/v2\/tags?post=231417"}],"curies":[{"name":"wp","href":"https:\/\/api.w.org\/{rel}","templated":true}]}}