{"id":231425,"date":"2025-06-30T15:13:12","date_gmt":"2025-06-30T15:13:12","guid":{"rendered":"https:\/\/www.europesays.com\/de\/231425\/"},"modified":"2025-06-30T15:13:12","modified_gmt":"2025-06-30T15:13:12","slug":"wimbledon-aus-daniil-medvedev-verliert-gegen-benjamin-bonzi-sport","status":"publish","type":"post","link":"https:\/\/www.europesays.com\/de\/231425\/","title":{"rendered":"Wimbledon-Aus: Daniil Medvedev verliert gegen Benjamin Bonzi | Sport"},"content":{"rendered":"<p><b>Ein Kracher zum Auftakt!<\/b><\/p>\n<p>Kurz nach Beginn des Grand-Slam-Turniers von <a href=\"https:\/\/www.bild.de\/sport\/mehr-sport\/tennis\/home-23890462.bild.html\" class=\"text-link\" target=\"_blank\" rel=\"noopener\">Wimbledon<\/a> gibt es schon die erste Sensation! Mit <a href=\"https:\/\/www.bild.de\/sport\/mehr-sport\/alexander-zverev-verliert-dramatisch-gegen-daniil-medvedev-6856e24c2083c34f34ff16c5\" class=\"text-link\" target=\"_blank\" rel=\"noopener\">Daniil Medvedev<\/a> (29) ist die Nummer 9 der Welt raus. Der Russe verliert sein Erstrunden-Match gegen den Franzosen Benjamin Bonzi (29) 6:7 (2:7), 6:3, 6:7 (3:7), 2:6.<\/p>\n<p>Sie tr\u00e4gt ihn bei jedem Spiel: Gwinn verr\u00e4t Ihr Sport-BH-Geheimnis<a href=\"https:\/\/www.bild.de\/sport\/fussball\/sie-traegt-ihn-bei-jedem-spiel-gwinn-verraet-ihr-sport-bh-geheimnis-685a807e54413a513d76fc8b\" class=\"anchor\" target=\"_blank\" rel=\"noopener\"><img decoding=\"async\" width=\"992\" height=\"558\" alt=\"Teaser-Bild\" src=\"https:\/\/www.europesays.com\/de\/wp-content\/uploads\/2025\/06\/c0fe0b9980f36d5fd1ee5cb9a6228303-landscape,e0965a7b\"   class=\"landscape teaser__image\" loading=\"lazy\"\/><\/a><\/p>\n<p>Quelle: Phrasenm\u00e4her24.06.2025<\/p>\n<p>Voller Wut drischt er nach dem Matchball mit seinem Schl\u00e4ger auf seine Tasche ein, nachdem seine Vorhand ins Aus gesegelt und die Niederlage besiegelt war. Dabei stand Medvedev vor neun Tagen noch im Finale des Turniers von Halle\/Westfalen, das er gegen den Kasachen Alexander Bublik (28) verlor. <\/p>\n<p><b>Er schien ger\u00fcstet f\u00fcr das bedeutendste Tennis-Turnier der Welt, bei dem er im vergangenen Jahr noch im Halbfinale stand. Dort unterlag er dem sp\u00e4teren Sieger Carlos Alcaraz (22\/Spanien). Daher verliert er nun auch 710 Punkte und f\u00e4llt aus den Top 10.<\/b><\/p>\n<p>Lesen Sie auch<\/p>\n<p>Aufmerksam verfolgt haben wird die Nachricht Alexander Zverev (28). Der Hamburger h\u00e4tte im Viertelfinale auf Medvedev treffen k\u00f6nnen. 13:7 f\u00fchrt der Russe im direkten Vergleich, gewann zudem die vergangenen f\u00fcnf Duelle gegen den Olympiasieger von 2021, ist also ein echter Angstgegner.<\/p>\n<p><b>Zuletzt trafen beide im Halbfinale von Halle\/Westfalen aufeinander, wo die Nummer 3 der Welt 6:7 (3:7), 7:6 (7:1), 4:6 unterlag. Ein Wiedersehen in Wimbledon wird es nun nicht geben.<\/b><\/p>\n<p><img decoding=\"async\" width=\"992\" height=\"558\" alt=\"Daniil Medvedev schl\u00e4gt auf seine Tasche ein\" src=\"https:\/\/www.europesays.com\/de\/wp-content\/uploads\/2025\/06\/d62b14f895230e2b141fe5ff7d12518e,d8334582\"   class=\"landscape\" loading=\"lazy\"\/><\/p>\n<p class=\"fig__caption__text\">Daniil Medvedev schl\u00e4gt auf seine Tasche ein<\/p>\n<p>Foto: Getty Images<\/p>\n<p>Zverev muss am Abend (gegen 19.30 Uhr deutscher Zeit, Amazon Prime live) gegen den Franzosen Arthur Rinderknech (29) ran. Im Viertelfinale ist nun der Amerikaner Taylor Fritz (27) der wahrscheinlichste Gegner, sollten beide so weit kommen.<\/p>\n","protected":false},"excerpt":{"rendered":"Ein Kracher zum Auftakt! Kurz nach Beginn des Grand-Slam-Turniers von Wimbledon gibt es schon die erste Sensation! Mit&hellip;\n","protected":false},"author":2,"featured_media":231426,"comment_status":"","ping_status":"","sticky":false,"template":"","format":"standard","meta":{"footnotes":""},"categories":[136],"tags":[10329,10330,1263,29,30,22181,17498,73002,265,806,1576,4206,10331,45,62437],"class_list":{"0":"post-231425","1":"post","2":"type-post","3":"status-publish","4":"format-standard","5":"has-post-thumbnail","7":"category-sport","8":"tag-alexander-zverev","9":"tag-association-of-tennis-professionals","10":"tag-aufmacher-bereich","11":"tag-deutschland","12":"tag-germany","13":"tag-grand-slam-turniere","14":"tag-kayser-sebastian","15":"tag-medwedew-daniil","16":"tag-sport","17":"tag-sport-leuchtturm-berlin","18":"tag-super-a-teaser","19":"tag-tennis","20":"tag-tennis-einzel","21":"tag-texttospeech","22":"tag-wimbledon-championships"},"share_on_mastodon":{"url":"https:\/\/pubeurope.com\/@de\/114772967745630315","error":""},"_links":{"self":[{"href":"https:\/\/www.europesays.com\/de\/wp-json\/wp\/v2\/posts\/231425","targetHints":{"allow":["GET"]}}],"collection":[{"href":"https:\/\/www.europesays.com\/de\/wp-json\/wp\/v2\/posts"}],"about":[{"href":"https:\/\/www.europesays.com\/de\/wp-json\/wp\/v2\/types\/post"}],"author":[{"embeddable":true,"href":"https:\/\/www.europesays.com\/de\/wp-json\/wp\/v2\/users\/2"}],"replies":[{"embeddable":true,"href":"https:\/\/www.europesays.com\/de\/wp-json\/wp\/v2\/comments?post=231425"}],"version-history":[{"count":0,"href":"https:\/\/www.europesays.com\/de\/wp-json\/wp\/v2\/posts\/231425\/revisions"}],"wp:featuredmedia":[{"embeddable":true,"href":"https:\/\/www.europesays.com\/de\/wp-json\/wp\/v2\/media\/231426"}],"wp:attachment":[{"href":"https:\/\/www.europesays.com\/de\/wp-json\/wp\/v2\/media?parent=231425"}],"wp:term":[{"taxonomy":"category","embeddable":true,"href":"https:\/\/www.europesays.com\/de\/wp-json\/wp\/v2\/categories?post=231425"},{"taxonomy":"post_tag","embeddable":true,"href":"https:\/\/www.europesays.com\/de\/wp-json\/wp\/v2\/tags?post=231425"}],"curies":[{"name":"wp","href":"https:\/\/api.w.org\/{rel}","templated":true}]}}