{"id":231427,"date":"2025-06-30T15:14:13","date_gmt":"2025-06-30T15:14:13","guid":{"rendered":"https:\/\/www.europesays.com\/de\/231427\/"},"modified":"2025-06-30T15:14:13","modified_gmt":"2025-06-30T15:14:13","slug":"katja-krasavice-in-traenen-aufgeloest-ihr-instagram-konto-wurde-gehackt","status":"publish","type":"post","link":"https:\/\/www.europesays.com\/de\/231427\/","title":{"rendered":"Katja Krasavice in Tr\u00e4nen aufgel\u00f6st! Ihr Instagram-Konto wurde gehackt!"},"content":{"rendered":"<p>Verliert sie Millionen von Followern?Ex-DSDS-Jurorin Katja Krasavice in Tr\u00e4nen aufgel\u00f6st<img alt=\"Katja Krasavice\" loading=\"lazy\" width=\"940\" height=\"529\" decoding=\"async\" data-nimg=\"1\" class=\"Image_image__SdgLQ Picture_image__vGN9W\" style=\"color:transparent\"   src=\"https:\/\/www.europesays.com\/de\/wp-content\/uploads\/2025\/06\/katja-krasavice.webp.webp\"\/><\/p>\n<p>Katja Krasavice auf dem roten Teppich (Archivbild)<\/p>\n<p>2023 Tristar Media<\/p>\n<p>30. Juni 2025 um 16:06 Uhr<\/p>\n<p class=\"Typography_text-default__wldUd Typography_align-left__koBUM AnnotatedMarkup_paragraph__IUT9l\"><strong>Angriff auf ihren Instagram-Account!<\/strong><br \/>Seit Freitag (27. Juni) gab es nichts Neues mehr bei Instagram von Rapperin Katja Krasavice. Doch das war so nicht geplant! Ein Hackerangriff hat ihren Account lahmgelegt und die 28-J\u00e4hrige aus ihrem Konto ausgesperrt. Ausgerechnet jetzt, wo sie gro\u00dfe Neuigkeiten f\u00fcr ihre Fans plant.<\/p>\n<p>Katja Krasavice bekommt keine Hilfe von Instagram<\/p>\n<p class=\"Typography_text-default__wldUd Typography_align-left__koBUM AnnotatedMarkup_paragraph__IUT9l\">Auf TikTok macht sie ihrem \u00c4rger und ihrer Verzweiflung Luft: \u201eLeute, ich w\u00fcnschte, das hier w\u00e4re alles Fake oder ein Spa\u00df. Aber leider ist es wirklich so:<strong> Ich komme nicht mehr in meinen Instagram-Account rein!<\/strong>\u201d Und auch wenn sie als Influencerin dort \u00fcber interne Kontakte verf\u00fcgt: \u201eIch erreiche niemanden von Instagram. Niemanden!\u201d<\/p>\n<p class=\"Typography_text-default__wldUd Typography_align-left__koBUM AnnotatedMarkup_paragraph__IUT9l\"><strong>Lese-Tipp:<\/strong><a href=\"https:\/\/www.rtl.de\/unterhaltung\/stars\/katja-krasavice-mit-diesem-fan-hat-sie-bei-onlyfans-schon-200-000-euro-verdient-id4406028.html\" target=\"_self\" rel=\"noopener\"> \u00dcber 200.000 Euro f\u00fcr Erotik-Content! ER ist Katja Krasavices OnlyFan(s)<\/a><\/p>\n<p>Sind vier Millionen Fans bald weg?<\/p>\n<p class=\"Typography_text-default__wldUd Typography_align-left__koBUM AnnotatedMarkup_paragraph__IUT9l\">Wer den Account der Rapperin besucht, findet ihn zwar. Doch sie selbst hat keinen Zugriff mehr. Und eigentlich ist f\u00fcr kommenden Sonntag eine ihrer \u201ekrassesten Ank\u00fcndigungen\u201d geplant. \u201eWir arbeiten seit Jahren daran. Und die Ank\u00fcndigung soll n\u00e4chsten Sonntag gro\u00df auf Instagram gepostet werden. <strong>Ich wollte euch richtig, richtig krass beschenken<\/strong>. Das sollte eigentlich heute dieses TikTok sein\u201c, weint sie in die Kamera. Nun bangt Katja Krasavice um vier Millionen Fans, die ihr bisher auf Instagram folgen.<\/p>\n<p>Anzeige:<\/p>\n<p>Empfehlungen unserer Partner<\/p>\n<p>Video-Tipp: Katja Krasavice \u00fcber ihre schwere Kindheit<\/p>\n<p>03:47 min<\/p>\n<p>Im RTL-Interview<\/p>\n<p>Katja Krasavice \u00fcber ihre schwere Kindheit<\/p>\n<p>Katja Krasavice bittet alle Fans um Hilfe<\/p>\n<p class=\"Typography_text-default__wldUd Typography_align-left__koBUM AnnotatedMarkup_paragraph__IUT9l\">\u201eWenn ich versuche, mich mit meiner Nummer, mit meiner Mail, mit allem einzuloggen, steht da, dass ich gehackt wurde. <strong>Leute, liked dieses Video, teilt es \u00fcberall. Vielleicht kann man da noch irgendwas retten<\/strong>\u201d, fleht sie unter Tr\u00e4nen um Unterst\u00fctzung in ihrer Notlage. Sie m\u00fcsse sich jetzt erst einmal darum k\u00fcmmern, dass die Ank\u00fcndigung, in die mehrere Menschen involviert sind und wo Geld floss, nicht komplett im Eimer ist.<\/p>\n<p class=\"Typography_text-default__wldUd Typography_align-left__koBUM AnnotatedMarkup_paragraph__IUT9l\"><strong>Lese-Tipp:<\/strong><a href=\"https:\/\/www.rtl.de\/unterhaltung\/stars\/katja-krasavice-packt-ueber-fuehrerscheindebakel-aus-id4472959.html\" target=\"_self\" rel=\"noopener\"> Katja Krasavice packt \u00fcber F\u00fchrerscheindebakel aus<\/a><\/p>\n<p class=\"Typography_text-default__wldUd Typography_align-left__koBUM AnnotatedMarkup_paragraph__IUT9l\">Bis zum Montagnachmittag (30. Juni) scheint keine L\u00f6sung gefunden zu sein. Auf RTL-Anfrage hat das Management bisher noch nicht reagiert. (ajo)<\/p>\n","protected":false},"excerpt":{"rendered":"Verliert sie Millionen von Followern?Ex-DSDS-Jurorin Katja Krasavice in Tr\u00e4nen aufgel\u00f6st Katja Krasavice auf dem roten Teppich (Archivbild) 2023&hellip;\n","protected":false},"author":2,"featured_media":231428,"comment_status":"","ping_status":"","sticky":false,"template":"","format":"standard","meta":{"footnotes":""},"categories":[155],"tags":[29,214,30,15646,152,73003,215],"class_list":{"0":"post-231427","1":"post","2":"type-post","3":"status-publish","4":"format-standard","5":"has-post-thumbnail","7":"category-unterhaltung","8":"tag-deutschland","9":"tag-entertainment","10":"tag-germany","11":"tag-hacker","12":"tag-instagram","13":"tag-katja-krasavice","14":"tag-unterhaltung"},"share_on_mastodon":{"url":"https:\/\/pubeurope.com\/@de\/114772971696035276","error":""},"_links":{"self":[{"href":"https:\/\/www.europesays.com\/de\/wp-json\/wp\/v2\/posts\/231427","targetHints":{"allow":["GET"]}}],"collection":[{"href":"https:\/\/www.europesays.com\/de\/wp-json\/wp\/v2\/posts"}],"about":[{"href":"https:\/\/www.europesays.com\/de\/wp-json\/wp\/v2\/types\/post"}],"author":[{"embeddable":true,"href":"https:\/\/www.europesays.com\/de\/wp-json\/wp\/v2\/users\/2"}],"replies":[{"embeddable":true,"href":"https:\/\/www.europesays.com\/de\/wp-json\/wp\/v2\/comments?post=231427"}],"version-history":[{"count":0,"href":"https:\/\/www.europesays.com\/de\/wp-json\/wp\/v2\/posts\/231427\/revisions"}],"wp:featuredmedia":[{"embeddable":true,"href":"https:\/\/www.europesays.com\/de\/wp-json\/wp\/v2\/media\/231428"}],"wp:attachment":[{"href":"https:\/\/www.europesays.com\/de\/wp-json\/wp\/v2\/media?parent=231427"}],"wp:term":[{"taxonomy":"category","embeddable":true,"href":"https:\/\/www.europesays.com\/de\/wp-json\/wp\/v2\/categories?post=231427"},{"taxonomy":"post_tag","embeddable":true,"href":"https:\/\/www.europesays.com\/de\/wp-json\/wp\/v2\/tags?post=231427"}],"curies":[{"name":"wp","href":"https:\/\/api.w.org\/{rel}","templated":true}]}}