{"id":231519,"date":"2025-06-30T16:03:18","date_gmt":"2025-06-30T16:03:18","guid":{"rendered":"https:\/\/www.europesays.com\/de\/231519\/"},"modified":"2025-06-30T16:03:18","modified_gmt":"2025-06-30T16:03:18","slug":"hitze-in-essen-darauf-solltet-ihr-achten","status":"publish","type":"post","link":"https:\/\/www.europesays.com\/de\/231519\/","title":{"rendered":"Hitze in Essen: Darauf solltet Ihr achten!"},"content":{"rendered":"<p class=\"small date article__date\">Ver\u00f6ffentlicht:\u00a0Montag, 30.06.2025 17:32<\/p>\n<p>Der Sommer \u2013 und damit auch die Hitze \u2013 ist hier in Essen angekommen. Beim Hitze-Check der Deutschen Umwelthilfe bekommt die Stadt aber nur die Gelbe Karte. Worauf Ihr achten solltet!<\/p>\n<p><img decoding=\"async\" alt=\"\" src=\"https:\/\/www.europesays.com\/de\/wp-content\/uploads\/2025\/06\/hitze6.jpg&#038;crop=0x129x4711x2944&#038;resize=1280x799&#038;dt=202006041224460.jpeg\" data-size=\"1280x799\"\/>\u00a9 Joachim Kleine-B\u00fcning\/FUNKE Foto ServicesHitzecheck in Essen: Noch Luft nach oben<\/p>\n<p>Mehr als 70 Prozent der Menschen in Essen sind von extremer Hitze betroffen. Insgesamt hat die Deutsche Umwelthilfe 190 St\u00e4dte mit mehr als 50.000 Einwohnern untersucht. Dabei hat sie auch den Hitzebetroffenheitsindex erfasst. Der gibt an, wie viele Menschen in stark belasteten Gebieten leben \u2013 also da, wo es besonders hei\u00df wird, viele Fl\u00e4chen versiegelt sind oder es nicht genug Gr\u00fcn gibt. Mehr als 30 St\u00e4dten zeigt die Umwelthilfe hier die rote Karte &#8211; vor allem im S\u00fcden Deutschlands. Bei uns in Essen liegt der Index bei 14,16 und bekommt damit eine gelbe Karte. Der Check zeigt: Das liegt vor allem daran, dass es zu wenige Gr\u00fcnfl\u00e4chen im Essener Stadtgebiet gibt. Wenn Ihr dagegen was tun wollt, k\u00f6nnt Ihr einen<a href=\"https:\/\/www.duh.de\/mitmachen\/hitze-check\/\" rel=\"noopener noreferrer\" target=\"_blank\"> Antrag auf mehr Gr\u00fcn<\/a> in unserer Stadt stellen.\u00a0<\/p>\n<p>Sommer in Essen: Worauf Ihr achten solltet<\/p>\n<p>Der Sommer ist angekommen in Essen &#8211; mit Temperaturen \u00fcber 30 Grad. Die Hitze birgt aber auch Gefahren f\u00fcr die k\u00f6rperliche Gesundheit. Davor warnt die Stadt Essen und gibt Tipps. Worauf Ihr an hei\u00dfen Sommertagen achten solltet: <\/p>\n<ul>\n<li>Alltag der Hitze anpassen<\/li>\n<li>R\u00e4ume morgens l\u00fcften<\/li>\n<li>Leichte Kleidung tragen<\/li>\n<li>K\u00f6rperliche Anstrengung vermeiden oder auf Morgen und Abendstunden verlegen<\/li>\n<li>Viel und nicht zu kaltes Wasser trinken<\/li>\n<li>Bei Verdacht auf Hitzeschlag \u00e4rztliche Abkl\u00e4rung<\/li>\n<li>Gefahren beim Baden beachten<\/li>\n<li>Versorgung von Sonnenbr\u00e4nden<\/li>\n<li>Leichte Mahlzeiten essen<\/li>\n<li>Konsequenter Sonnenschutz (UV-Schutz und Kopfbedeckung)<\/li>\n<li>Besondere Acht auf \u00e4ltere Menschen und kleine Kinder geben<\/li>\n<li>Niemals Kinder und Tiere im Auto lassen<\/li>\n<\/ul>\n<p>In der Stadt gibt es an verschiedenen Stellen Trinkwasserbrunnen, an denen Ihr Eure Flaschen auff\u00fcllen k\u00f6nnt. Auch f\u00fcr obdachlose Menschen gibt es Anlaufstellen. Im Ernstfall solltet Ihr gegebenenfalls den Notruf w\u00e4hlen und Hilfe holen. <a href=\"https:\/\/www.essen.de\/meldungen\/pressemeldung_1569216.de.html\" rel=\"noopener noreferrer\" target=\"_blank\">Noch mehr Tipps und Angebote der Stadt findet Ihr hier.<\/a><\/p>\n<p>Mehr Nachrichten aus Essen<\/p>\n","protected":false},"excerpt":{"rendered":"Ver\u00f6ffentlicht:\u00a0Montag, 30.06.2025 17:32 Der Sommer \u2013 und damit auch die Hitze \u2013 ist hier in Essen angekommen. Beim&hellip;\n","protected":false},"author":2,"featured_media":231520,"comment_status":"","ping_status":"","sticky":false,"template":"","format":"standard","meta":{"footnotes":""},"categories":[1834],"tags":[73020,3275,73021,3364,29,3688,30,11607,1209,2715],"class_list":{"0":"post-231519","1":"post","2":"type-post","3":"status-publish","4":"format-standard","5":"has-post-thumbnail","7":"category-essen","8":"tag-hitzecheck","9":"tag-lokalnachrichten","10":"tag-tipps-bei-hitze","11":"tag-de","12":"tag-deutschland","13":"tag-essen","14":"tag-germany","15":"tag-hitze","16":"tag-nordrhein-westfalen","17":"tag-sommer"},"share_on_mastodon":{"url":"https:\/\/pubeurope.com\/@de\/114773164460670661","error":""},"_links":{"self":[{"href":"https:\/\/www.europesays.com\/de\/wp-json\/wp\/v2\/posts\/231519","targetHints":{"allow":["GET"]}}],"collection":[{"href":"https:\/\/www.europesays.com\/de\/wp-json\/wp\/v2\/posts"}],"about":[{"href":"https:\/\/www.europesays.com\/de\/wp-json\/wp\/v2\/types\/post"}],"author":[{"embeddable":true,"href":"https:\/\/www.europesays.com\/de\/wp-json\/wp\/v2\/users\/2"}],"replies":[{"embeddable":true,"href":"https:\/\/www.europesays.com\/de\/wp-json\/wp\/v2\/comments?post=231519"}],"version-history":[{"count":0,"href":"https:\/\/www.europesays.com\/de\/wp-json\/wp\/v2\/posts\/231519\/revisions"}],"wp:featuredmedia":[{"embeddable":true,"href":"https:\/\/www.europesays.com\/de\/wp-json\/wp\/v2\/media\/231520"}],"wp:attachment":[{"href":"https:\/\/www.europesays.com\/de\/wp-json\/wp\/v2\/media?parent=231519"}],"wp:term":[{"taxonomy":"category","embeddable":true,"href":"https:\/\/www.europesays.com\/de\/wp-json\/wp\/v2\/categories?post=231519"},{"taxonomy":"post_tag","embeddable":true,"href":"https:\/\/www.europesays.com\/de\/wp-json\/wp\/v2\/tags?post=231519"}],"curies":[{"name":"wp","href":"https:\/\/api.w.org\/{rel}","templated":true}]}}