{"id":231551,"date":"2025-06-30T16:19:13","date_gmt":"2025-06-30T16:19:13","guid":{"rendered":"https:\/\/www.europesays.com\/de\/231551\/"},"modified":"2025-06-30T16:19:13","modified_gmt":"2025-06-30T16:19:13","slug":"verstoesse-gegen-mietpreisbremse-mieterverein-wird-deutlich","status":"publish","type":"post","link":"https:\/\/www.europesays.com\/de\/231551\/","title":{"rendered":"Verst\u00f6\u00dfe gegen Mietpreisbremse \u2013 Mieterverein wird deutlich"},"content":{"rendered":"<p>&#8222;Das muss ein Ende haben&#8220; <\/p>\n<p>Verst\u00f6\u00dfe gegen Mietpreisbremse: Verein wird deutlich<\/p>\n<p>30.06.2025 &#8211; 18:01 UhrLesedauer: 2 Min.<\/p>\n<p><a href=\"#focus-0\" class=\"transition-colors duration-200 focus-within:text-magenta block text-current relative\" data-sctrack=\"FocusGalleryImage.Reference\"><img fetchpriority=\"high\" data-testid=\"Opener.Image\" style=\"--lqipURL:url('https:\/\/images.t-online.de\/2025\/06\/PZOr-Ww4GkKK\/0x164:4000x2250\/fit-in\/150x0\/filters:blur(25)\/mietwohnungen-im-laemmersieth-barmbek-hamburg-rental-apartments-in-laemmersieth-barmbek-hamburg.jpg')\"   loading=\"eager\" src=\"https:\/\/www.europesays.com\/de\/wp-content\/uploads\/2025\/06\/mietwohnungen-im-laemmersieth-barmbek-hamburg-rental-apartments-in-laemmersieth-barmbek-hamburg.jpg\" alt=\"imago images 0820042577\" title=\"imago images 0820042577\" width=\"4000\" height=\"2250\" class=\"bg-[url:var(--lqipURL)] bg-cover bg-center flex h-full w-full max-w-full\" decoding=\"async\"\/><img style=\"--width:32;--height:32\" loading=\"lazy\" src=\"https:\/\/hamburg.t-online.de\/s\/paper\/_next\/static\/media\/zoom-in.f7dae02f.svg\" alt=\"Vergr\u00f6\u00dfern des Bildes\" title=\"Vergr\u00f6\u00dfern des Bildes\" class=\"block h-[calc(var(--height)_\/_16_*_1rem)] w-[calc(var(--width)_\/_16_*_1rem)] max-w-none absolute bottom-8 right-8 rounded-4 bg-snow p-8\" decoding=\"async\"\/><\/a><\/p>\n<p>Mietwohnungen in Hamburg (Symbolbild): Der Mieterverein moniert die hohe Anzahl an Verst\u00f6\u00dfen gegen die Mietpreisbremse. (Quelle: IMAGO\/BODE\/imago)<\/p>\n<p class=\"font-bold text-18 leading-17\">Viele Vermieter in Hamburg umgehen laut einer Untersuchung die Mietpreisbremse. Deshalb werden Forderungen nach einer Versch\u00e4rfung laut.<\/p>\n<p class=\"text-18 leading-17\">Seit zehn Jahren ist die Mietpreisbremse in Kraft. Nun hat der Mieterverein eine Versch\u00e4rfung des Instruments gegen die stetig steigenden Mieten gefordert. Rolf Bosse, Vorsitzender des Mietervereins zu Hamburg, erkl\u00e4rte: &#8222;Wir brauchen die Mietpreisbremse dringender denn je. Und sie muss gem\u00e4\u00df unseren Forderungen entfristet, bu\u00dfgeldbewehrt und um ihre vielen Ausnahmen bereinigt werden.&#8220;<\/p>\n<p class=\"text-18 leading-17\">In Hamburg war die Verordnung am 1. Juli 2015 eingef\u00fchrt worden. Diese besagt unter anderem, dass die Mieth\u00f6he bei Neuvermietungen nicht mehr als zehn Prozent \u00fcber der orts\u00fcblichen Vergleichsmiete liegen darf.<\/p>\n<p class=\"text-18 leading-17\">Aus Sicht des Mietervereins gibt es jedoch zahlreiche Verst\u00f6\u00dfe: &#8222;Mietende zahlen Monat f\u00fcr Monat Hunderte Euro mehr, als sie eigentlich m\u00fcssten. Das muss ein Ende haben!&#8220;, sagte Bosse. Die dem Verein bekannten F\u00e4lle bildeten nur die Spitze eines Eisbergs an Verst\u00f6\u00dfen gegen die Mietpreisbremse.<\/p>\n<p class=\"text-18 leading-17\">Als Beleg hat der Mieterverein die Beratungsgespr\u00e4che zwischen Dezember 2022 und Januar 2025 ausgewertet. Demnach gab es den Angaben zufolge in 93 Prozent der 2.361 Anfragen Hinweise auf Verst\u00f6\u00dfe gegen die Mietpreisbremse. In den \u00fcberpr\u00fcften F\u00e4llen zahlten die Mieterinnen und Mieter im Untersuchungszeitraum mutma\u00dflich rund 805.000 Euro zu viel. Im Schnitt lag die geforderte Miete dabei 5,23 Euro je Quadratmeter oder 56 Prozent \u00fcber der eigentlich zul\u00e4ssigen Miete.<\/p>\n<p class=\"text-18 leading-17\">Die Auswertung des Mietervereins zeige, dass die gesetzlichen Vorgaben viele Vermieter &#8222;nicht scheren&#8220;, sagte die wohnungspolitische Sprecherin der Linksfraktion, Heike Sudmann. Das sei aber auch kein Wunder, da sie keine wirklichen Strafen zu f\u00fcrchten h\u00e4tten. Aus Sicht der Linken w\u00e4re nur ein Mietendeckel eine echte Hilfe im Kampf gegen \u00fcberh\u00f6hte Mieten.<\/p>\n<p class=\"text-18 leading-17\">Der Bundestag hat die Mietpreisbremse vergangene Woche bis 2029 verl\u00e4ngert. Bundesjustizministerin Stefanie Hubig (SPD) hat aber bereits angek\u00fcndigt, die Umgehung der Mietpreisbremse bei m\u00f6blierten Wohnungen zu stoppen. Die Mietpreisbremse gilt grunds\u00e4tzlich auch f\u00fcr m\u00f6blierte Wohnungen. Vermieter k\u00f6nnen jedoch zus\u00e4tzlich zur Kaltmiete einen M\u00f6blierungszuschlag verlangen. Diesen m\u00fcssen sie nicht gesondert im Mietvertrag ausweisen, sodass er f\u00fcr Mieter schwer nachzuvollziehen ist.<\/p>\n","protected":false},"excerpt":{"rendered":"&#8222;Das muss ein Ende haben&#8220; Verst\u00f6\u00dfe gegen Mietpreisbremse: Verein wird deutlich 30.06.2025 &#8211; 18:01 UhrLesedauer: 2 Min. Mietwohnungen&hellip;\n","protected":false},"author":2,"featured_media":231552,"comment_status":"","ping_status":"","sticky":false,"template":"","format":"standard","meta":{"footnotes":""},"categories":[1826],"tags":[29,30,692,2295,49520,15684,4312,73033,2298],"class_list":{"0":"post-231551","1":"post","2":"type-post","3":"status-publish","4":"format-standard","5":"has-post-thumbnail","7":"category-hamburg","8":"tag-deutschland","9":"tag-germany","10":"tag-hamburg","11":"tag-mieter","12":"tag-mieterverein","13":"tag-mietpreisbremse","14":"tag-mietwohnung","15":"tag-rolf-bosse","16":"tag-vermieter"},"share_on_mastodon":{"url":"https:\/\/pubeurope.com\/@de\/114773227334137640","error":""},"_links":{"self":[{"href":"https:\/\/www.europesays.com\/de\/wp-json\/wp\/v2\/posts\/231551","targetHints":{"allow":["GET"]}}],"collection":[{"href":"https:\/\/www.europesays.com\/de\/wp-json\/wp\/v2\/posts"}],"about":[{"href":"https:\/\/www.europesays.com\/de\/wp-json\/wp\/v2\/types\/post"}],"author":[{"embeddable":true,"href":"https:\/\/www.europesays.com\/de\/wp-json\/wp\/v2\/users\/2"}],"replies":[{"embeddable":true,"href":"https:\/\/www.europesays.com\/de\/wp-json\/wp\/v2\/comments?post=231551"}],"version-history":[{"count":0,"href":"https:\/\/www.europesays.com\/de\/wp-json\/wp\/v2\/posts\/231551\/revisions"}],"wp:featuredmedia":[{"embeddable":true,"href":"https:\/\/www.europesays.com\/de\/wp-json\/wp\/v2\/media\/231552"}],"wp:attachment":[{"href":"https:\/\/www.europesays.com\/de\/wp-json\/wp\/v2\/media?parent=231551"}],"wp:term":[{"taxonomy":"category","embeddable":true,"href":"https:\/\/www.europesays.com\/de\/wp-json\/wp\/v2\/categories?post=231551"},{"taxonomy":"post_tag","embeddable":true,"href":"https:\/\/www.europesays.com\/de\/wp-json\/wp\/v2\/tags?post=231551"}],"curies":[{"name":"wp","href":"https:\/\/api.w.org\/{rel}","templated":true}]}}