{"id":231714,"date":"2025-06-30T17:48:10","date_gmt":"2025-06-30T17:48:10","guid":{"rendered":"https:\/\/www.europesays.com\/de\/231714\/"},"modified":"2025-06-30T17:48:10","modified_gmt":"2025-06-30T17:48:10","slug":"ralf-schumacher-wird-50-freund-etienne-gratuliert-mit-kussfoto","status":"publish","type":"post","link":"https:\/\/www.europesays.com\/de\/231714\/","title":{"rendered":"Ralf Schumacher wird 50: Freund \u00c9tienne gratuliert mit Kussfoto"},"content":{"rendered":"<p>&#8222;Die Liebe wird nie alt&#8220; <\/p>\n<p>Ralf Schumacher wird 50 \u2013 Partner \u00c9tienne gratuliert mit Kussfoto<\/p>\n<p>von spot on news<\/p>\n<p>30.06.2025, 18:53 Uhr<\/p>\n<p>30. Juni 2025 um 18:53 Uhr<\/p>\n<p>Am Montag (30 Juni) feiert Ex-Rennfahrer Ralf Schumacher seinen runden Geburtstag. Sein Partner \u00c9tienne Bousquet-Cassagne gratuliert mit einem privaten Schnappschuss.<\/p>\n<p>Am 30. Juni feiert Ex-Formel-1-Star <a href=\"https:\/\/www.bunte.de\/starprofile\/ralf-schumacher.html\" rel=\"follow nofollow noopener\" target=\"_self\">Ralf Schumacher<\/a> seinen 50. Geburtstag. Auf Instagram gew\u00e4hrt sein Partner \u00c9tienne Bousquet-Cassagne (35) einen ganz privaten Einblick in die Feierlichkeiten \u2013 inklusive r\u00fchrender Liebeserkl\u00e4rung an seinen Ralf.<\/p>\n<p>Ralf Schumachers Partner teilt privaten Schnappschuss<\/p>\n<p>Unter einem Foto auf Instagram schreibt der Franzose: &#8222;Jeder Tag, jede Stunde, jede Minute, jede Sekunde, die ich mit dir verbringe, ist eine absolute Freude.&#8220; Weiter erkl\u00e4rte er: &#8222;Die Jahre vergehen, aber die Liebe, die ich f\u00fcr dich empfinde, wird nie alt. Lass uns unsere Liebe fortsetzen und das Leben feiern. Alles Gute zum Geburtstag, mein Liebster.&#8220;<\/p>\n<p>ANZEIGERalf Schumachers Coming-out liegt ein Jahr zur\u00fcck<\/p>\n<p>Dazu ver\u00f6ffentlichte er zwei Bilder des Paares, auf einem der Fotos liegen sich die beiden k\u00fcssend in den Armen. Auf dem zweiten Schnappschuss lacht das Geburtstagskind ausgelassen neben seinem Partner. Entstanden sind die Fotos offenbar auf der Geburtstagsfeier des ehemaligen Formel-1-Rennfahrers, die als White Party ausgerichtet wurde.<\/p>\n<p>Mitte Juli 2024 hatte <a href=\"https:\/\/www.bunte.de\/stars\/star-news\/ostergolf-ralf-david-schumacher-geniessen-papa-sohn-zeit.html\" rel=\"follow nofollow noopener\" target=\"_self\">Ralf Schumacher, der sich k\u00fcrzlich bei einem privaten Ausflug mit Sohn David zeigte,<\/a> mit einem Instagram-Post sein Coming-out gefeiert. &#8222;Das Sch\u00f6nste im Leben ist, wenn man den richtigen Partner an seiner Seite hat, mit dem man alles teilen kann&#8220;, schrieb er zu einem Bild, auf dem er vor malerischer Kulisse Arm in Arm mit seiner Liebe zu sehen war. Wenige Tage sp\u00e4ter war das Versteckspiel dann vollends vorbei: Schumacher zeigte sich erstmals mit seinem Partner in der \u00d6ffentlichkeit; \u00c9tienne begleitete den Sky-Experten zu seinem Job beim Gro\u00dfen Preis von Ungarn.<\/p>\n<p>Seitdem absolvierten sie gemeinsame TV-Auftritte und zeigten sich auf einigen Veranstaltungen \u00f6ffentlich als Paar, so etwa Mitte Mai 2025 bei der Premiere des Films &#8222;Alpha&#8220; bei den 78. Filmfestspielen im s\u00fcdfranz\u00f6sischen Cannes.<\/p>\n","protected":false},"excerpt":{"rendered":"&#8222;Die Liebe wird nie alt&#8220; Ralf Schumacher wird 50 \u2013 Partner \u00c9tienne gratuliert mit Kussfoto von spot on&hellip;\n","protected":false},"author":2,"featured_media":231715,"comment_status":"","ping_status":"","sticky":false,"template":"","format":"standard","meta":{"footnotes":""},"categories":[1776],"tags":[1801,29,214,30,1802,215],"class_list":{"0":"post-231714","1":"post","2":"type-post","3":"status-publish","4":"format-standard","5":"has-post-thumbnail","7":"category-prominente","8":"tag-celebrities","9":"tag-deutschland","10":"tag-entertainment","11":"tag-germany","12":"tag-prominente","13":"tag-unterhaltung"},"share_on_mastodon":{"url":"https:\/\/pubeurope.com\/@de\/114773577642612679","error":""},"_links":{"self":[{"href":"https:\/\/www.europesays.com\/de\/wp-json\/wp\/v2\/posts\/231714","targetHints":{"allow":["GET"]}}],"collection":[{"href":"https:\/\/www.europesays.com\/de\/wp-json\/wp\/v2\/posts"}],"about":[{"href":"https:\/\/www.europesays.com\/de\/wp-json\/wp\/v2\/types\/post"}],"author":[{"embeddable":true,"href":"https:\/\/www.europesays.com\/de\/wp-json\/wp\/v2\/users\/2"}],"replies":[{"embeddable":true,"href":"https:\/\/www.europesays.com\/de\/wp-json\/wp\/v2\/comments?post=231714"}],"version-history":[{"count":0,"href":"https:\/\/www.europesays.com\/de\/wp-json\/wp\/v2\/posts\/231714\/revisions"}],"wp:featuredmedia":[{"embeddable":true,"href":"https:\/\/www.europesays.com\/de\/wp-json\/wp\/v2\/media\/231715"}],"wp:attachment":[{"href":"https:\/\/www.europesays.com\/de\/wp-json\/wp\/v2\/media?parent=231714"}],"wp:term":[{"taxonomy":"category","embeddable":true,"href":"https:\/\/www.europesays.com\/de\/wp-json\/wp\/v2\/categories?post=231714"},{"taxonomy":"post_tag","embeddable":true,"href":"https:\/\/www.europesays.com\/de\/wp-json\/wp\/v2\/tags?post=231714"}],"curies":[{"name":"wp","href":"https:\/\/api.w.org\/{rel}","templated":true}]}}