{"id":231800,"date":"2025-06-30T18:33:11","date_gmt":"2025-06-30T18:33:11","guid":{"rendered":"https:\/\/www.europesays.com\/de\/231800\/"},"modified":"2025-06-30T18:33:11","modified_gmt":"2025-06-30T18:33:11","slug":"online-umfrage-gestartet-ideen-fuer-bonner-nahverkehr","status":"publish","type":"post","link":"https:\/\/www.europesays.com\/de\/231800\/","title":{"rendered":"Online-Umfrage gestartet: Ideen f\u00fcr Bonner Nahverkehr"},"content":{"rendered":"<p>Ideen, Vorschl\u00e4ge, W\u00fcnsche gesucht<\/p>\n<p>Von heute an (30.06.2025) l\u00e4uft deshalb die M\u00f6glichkeit, Ideen und Anregungen abzugeben, beim Portal bonn-macht-mit.de. Bis zum 3. August geht diese Online-Umfrage. Die Teilnahme sei anonym und dauere nur zehn Minuten, verspricht die Stadt. Sie erhofft sich konkrete Ideen f\u00fcr neue Haltestellen, f\u00fcr die Routen der Buslinien und f\u00fcr deren Taktung. Au\u00dferdem geht es um Umsteigem\u00f6glichkeiten und Co. Den Link zur Umfrage gibt es<a href=\"https:\/\/bonn-macht-mit.de\/beteiligungen\/onlinebeteiligung-zum-nahverkehrsplan\" rel=\"noopener noreferrer nofollow\" target=\"_blank\"> hier<\/a>. <\/p>\n","protected":false},"excerpt":{"rendered":"Ideen, Vorschl\u00e4ge, W\u00fcnsche gesucht Von heute an (30.06.2025) l\u00e4uft deshalb die M\u00f6glichkeit, Ideen und Anregungen abzugeben, beim Portal&hellip;\n","protected":false},"author":2,"featured_media":231801,"comment_status":"","ping_status":"","sticky":false,"template":"","format":"standard","meta":{"footnotes":""},"categories":[1842],"tags":[73105,46910,65597,5935,1741,3364,29,30,4186,45793,1209],"class_list":{"0":"post-231800","1":"post","2":"type-post","3":"status-publish","4":"format-standard","5":"has-post-thumbnail","7":"category-bonn","8":"tag-bonn-macht-mit","9":"tag-bus-und-bahn","10":"tag-online-umfrage","11":"tag-stadt-bonn","12":"tag-bonn","13":"tag-de","14":"tag-deutschland","15":"tag-germany","16":"tag-nahverkehr","17":"tag-nahverkehrsplan","18":"tag-nordrhein-westfalen"},"share_on_mastodon":{"url":"https:\/\/pubeurope.com\/@de\/114773754089014951","error":""},"_links":{"self":[{"href":"https:\/\/www.europesays.com\/de\/wp-json\/wp\/v2\/posts\/231800","targetHints":{"allow":["GET"]}}],"collection":[{"href":"https:\/\/www.europesays.com\/de\/wp-json\/wp\/v2\/posts"}],"about":[{"href":"https:\/\/www.europesays.com\/de\/wp-json\/wp\/v2\/types\/post"}],"author":[{"embeddable":true,"href":"https:\/\/www.europesays.com\/de\/wp-json\/wp\/v2\/users\/2"}],"replies":[{"embeddable":true,"href":"https:\/\/www.europesays.com\/de\/wp-json\/wp\/v2\/comments?post=231800"}],"version-history":[{"count":0,"href":"https:\/\/www.europesays.com\/de\/wp-json\/wp\/v2\/posts\/231800\/revisions"}],"wp:featuredmedia":[{"embeddable":true,"href":"https:\/\/www.europesays.com\/de\/wp-json\/wp\/v2\/media\/231801"}],"wp:attachment":[{"href":"https:\/\/www.europesays.com\/de\/wp-json\/wp\/v2\/media?parent=231800"}],"wp:term":[{"taxonomy":"category","embeddable":true,"href":"https:\/\/www.europesays.com\/de\/wp-json\/wp\/v2\/categories?post=231800"},{"taxonomy":"post_tag","embeddable":true,"href":"https:\/\/www.europesays.com\/de\/wp-json\/wp\/v2\/tags?post=231800"}],"curies":[{"name":"wp","href":"https:\/\/api.w.org\/{rel}","templated":true}]}}