{"id":231821,"date":"2025-06-30T18:45:16","date_gmt":"2025-06-30T18:45:16","guid":{"rendered":"https:\/\/www.europesays.com\/de\/231821\/"},"modified":"2025-06-30T18:45:16","modified_gmt":"2025-06-30T18:45:16","slug":"nordrhein-westfalen-grosseinsatz-nach-schussgeraeuschen-in-essen","status":"publish","type":"post","link":"https:\/\/www.europesays.com\/de\/231821\/","title":{"rendered":"Nordrhein-Westfalen: Gro\u00dfeinsatz nach Schussger\u00e4uschen in Essen"},"content":{"rendered":"<p>                    Nordrhein-Westfalen<br \/>\n                Gro\u00dfeinsatz nach Schussger\u00e4uschen in Essen<\/p>\n<p>\t\t\t\t              30.06.2025, 18:57 Uhr<\/p>\n<p><strong>Per Notruf melden Zeugen Sch\u00fcsse in Essen. Vor Ort entdecken die Beamten zun\u00e4chst nicht viel.<\/strong><\/p>\n<p>Essen (dpa\/lnw) &#8211; Die Polizei ist in Essen gemeldeten Schussger\u00e4uschen mit einem Gro\u00dfeinsatz nachgegangen. Nach dem Hinweis von Zeugen, in Essen-Altendorf seien Sch\u00fcsse gefallen, gebe es einen Einsatz, sagte eine Polizeisprecherin. Auch Ermittlungen seien eingeleitet worden.<\/p>\n<p>Hinweise, dass die Sch\u00fcsse aus einer Schreckschusswaffe abgegeben wurden, k\u00f6nne man weder best\u00e4tigen noch ausschlie\u00dfen. Verletzte seien vor Ort nicht entdeckt worden, ebenso wenig Einschussl\u00f6cher.<\/p>\n","protected":false},"excerpt":{"rendered":"Nordrhein-Westfalen Gro\u00dfeinsatz nach Schussger\u00e4uschen in Essen 30.06.2025, 18:57 Uhr Per Notruf melden Zeugen Sch\u00fcsse in Essen. Vor Ort&hellip;\n","protected":false},"author":2,"featured_media":231822,"comment_status":"","ping_status":"","sticky":false,"template":"","format":"standard","meta":{"footnotes":""},"categories":[1834],"tags":[3364,29,3688,30,17245,1209,73110],"class_list":{"0":"post-231821","1":"post","2":"type-post","3":"status-publish","4":"format-standard","5":"has-post-thumbnail","7":"category-essen","8":"tag-de","9":"tag-deutschland","10":"tag-essen","11":"tag-germany","12":"tag-groeinsatz","13":"tag-nordrhein-westfalen","14":"tag-schussgeraeuschen"},"share_on_mastodon":{"url":"https:\/\/pubeurope.com\/@de\/114773801724569788","error":""},"_links":{"self":[{"href":"https:\/\/www.europesays.com\/de\/wp-json\/wp\/v2\/posts\/231821","targetHints":{"allow":["GET"]}}],"collection":[{"href":"https:\/\/www.europesays.com\/de\/wp-json\/wp\/v2\/posts"}],"about":[{"href":"https:\/\/www.europesays.com\/de\/wp-json\/wp\/v2\/types\/post"}],"author":[{"embeddable":true,"href":"https:\/\/www.europesays.com\/de\/wp-json\/wp\/v2\/users\/2"}],"replies":[{"embeddable":true,"href":"https:\/\/www.europesays.com\/de\/wp-json\/wp\/v2\/comments?post=231821"}],"version-history":[{"count":0,"href":"https:\/\/www.europesays.com\/de\/wp-json\/wp\/v2\/posts\/231821\/revisions"}],"wp:featuredmedia":[{"embeddable":true,"href":"https:\/\/www.europesays.com\/de\/wp-json\/wp\/v2\/media\/231822"}],"wp:attachment":[{"href":"https:\/\/www.europesays.com\/de\/wp-json\/wp\/v2\/media?parent=231821"}],"wp:term":[{"taxonomy":"category","embeddable":true,"href":"https:\/\/www.europesays.com\/de\/wp-json\/wp\/v2\/categories?post=231821"},{"taxonomy":"post_tag","embeddable":true,"href":"https:\/\/www.europesays.com\/de\/wp-json\/wp\/v2\/tags?post=231821"}],"curies":[{"name":"wp","href":"https:\/\/api.w.org\/{rel}","templated":true}]}}