{"id":231961,"date":"2025-06-30T20:02:11","date_gmt":"2025-06-30T20:02:11","guid":{"rendered":"https:\/\/www.europesays.com\/de\/231961\/"},"modified":"2025-06-30T20:02:11","modified_gmt":"2025-06-30T20:02:11","slug":"15-jaehriger-stuerzt-mit-neuwagen-von-transportzug","status":"publish","type":"post","link":"https:\/\/www.europesays.com\/de\/231961\/","title":{"rendered":"15-J\u00e4hriger st\u00fcrzt mit Neuwagen von Transportzug"},"content":{"rendered":"<p>Aus einer H\u00f6he von 1,5 Metern <\/p>\n<p>Teurer Streich: 15-J\u00e4hriger st\u00fcrzt mit Neuwagen von Transportzug<\/p>\n<p>30.06.2025 &#8211; 17:18 UhrLesedauer: 1 Min.<\/p>\n<p><a href=\"#focus-0\" class=\"transition-colors duration-200 focus-within:text-magenta block text-current relative\" data-sctrack=\"FocusGalleryImage.Reference\"><img fetchpriority=\"high\" data-testid=\"Opener.Image\" style=\"--lqipURL:url('https:\/\/images.t-online.de\/2025\/06\/p9PZsYcm4ZUY\/0x5:1000x562\/fit-in\/150x0\/filters:blur(25)\/auto-im-gleisbette-jugendliche-manoevrierten-einen-neuwagen-von-einem-transportzug-hinunter.jpg')\"   loading=\"eager\" src=\"https:\/\/www.europesays.com\/de\/wp-content\/uploads\/2025\/06\/auto-im-gleisbette-jugendliche-manoevrierten-einen-neuwagen-von-einem-transportzug-hinunter.jpg\" alt=\"Auto im Gleisbette: Jugendliche man\u00f6vrierten einen Neuwagen von einem Transportzug hinunter.\" title=\"Auto im Gleisbette: Jugendliche man\u00f6vrierten einen Neuwagen von einem Transportzug hinunter.\" width=\"1000\" height=\"562\" class=\"bg-[url:var(--lqipURL)] bg-cover bg-center flex h-full w-full max-w-full\" decoding=\"async\"\/><img style=\"--width:32;--height:32\" loading=\"lazy\" src=\"https:\/\/www.t-online.de\/s\/paper\/_next\/static\/media\/zoom-in.f7dae02f.svg\" alt=\"Vergr\u00f6\u00dfern des Bildes\" title=\"Vergr\u00f6\u00dfern des Bildes\" class=\"block h-[calc(var(--height)_\/_16_*_1rem)] w-[calc(var(--width)_\/_16_*_1rem)] max-w-none absolute bottom-8 right-8 rounded-4 bg-snow p-8\" decoding=\"async\"\/><\/a><\/p>\n<p>Auto im Gleisbett: Jugendliche man\u00f6vrierten einen Neuwagen von einem Transportzug herunter. (Quelle: Bundespolizei Bremen\/t-online)<\/p>\n<p class=\"font-bold text-18 leading-17\">Ein Teenager hat in Barnstorf einen Neuwagen von einem Autotransportzug gefahren. Das Auto st\u00fcrzte ins Gleisbett. Der Schaden kommt ihm wohl teuer zu stehen.<\/p>\n<p class=\"text-18 leading-17\">Ein 15-J\u00e4hriger hat am Sonntagabend einen folgenschweren Streich gespielt: Zusammen mit drei Freunden stieg er in einen Neuwagen auf einem Autotransportzug am Bahnhof Barnstorf. Als der Jugendliche den Motor startete, setzte sich das Auto pl\u00f6tzlich r\u00fcckw\u00e4rts in Bewegung, st\u00fcrzte etwa eineinhalb Meter tief ins Gleisbett und wurde dabei erheblich besch\u00e4digt.<\/p>\n<p class=\"text-18 leading-17\">Wie die Bundespolizei <a class=\"transition-colors duration-200 cursor-pointer text-inherit no-underline text-salemsfur md:hover:text-magenta md:hover:border-magenta md:focus:text-magenta border-current border-b border-solid break-words\" href=\"https:\/\/www.t-online.de\/region\/bremen\/\" data-sctrack=\"BodyAnchor\" target=\"_blank\" rel=\"noopener\">Bremen<\/a> am Montag mitteilte, bewegte sich das Auto nach dem Sturz noch etwa 15 Meter weiter. Ein Lokf\u00fchrer entdeckte den Neuwagen wenig sp\u00e4ter \u2013 mit offener Fahrert\u00fcr \u2013 neben dem Zug. Von den Jugendlichen fehlte da allerdings bereits jede Spur.<\/p>\n<p class=\"text-18 leading-17\">Erste Ermittlungen f\u00fchrten die Polizei zu dem 15-J\u00e4hrigen aus <a class=\"transition-colors duration-200 cursor-pointer text-inherit no-underline text-salemsfur md:hover:text-magenta md:hover:border-magenta md:focus:text-magenta border-current border-b border-solid break-words\" href=\"https:\/\/www.t-online.de\/themen\/diepholz\/\" data-sctrack=\"BodyAnchor\" target=\"_blank\" rel=\"noopener\">Diepholz<\/a>. Er gestand, dass er und seine Freunde sich schon \u00f6fter auf den Autotransportz\u00fcgen aufgehalten und Fotos in den Fahrzeugen gemacht hatten. Dieses Mal sei er jedoch losgefahren, woraufhin das Auto vom Zug fiel.<\/p>\n<p class=\"text-18 leading-17\">Die Bundespolizei ermittelt nun wegen Sachbesch\u00e4digung. Auf den Teenager und seine drei Freunde kommt zudem eine saftige Rechnung zu: Wegen des erheblichen Schadens am Neuwagen m\u00fcssen sie mit einer hohen Schadenersatzforderung rechnen.<\/p>\n","protected":false},"excerpt":{"rendered":"Aus einer H\u00f6he von 1,5 Metern Teurer Streich: 15-J\u00e4hriger st\u00fcrzt mit Neuwagen von Transportzug 30.06.2025 &#8211; 17:18 UhrLesedauer:&hellip;\n","protected":false},"author":2,"featured_media":231962,"comment_status":"","ping_status":"","sticky":false,"template":"","format":"standard","meta":{"footnotes":""},"categories":[1824],"tags":[5413,722,513,73141,73140,2420,421,3364,29,6900,30,26488,73139],"class_list":{"0":"post-231961","1":"post","2":"type-post","3":"status-publish","4":"format-standard","5":"has-post-thumbnail","7":"category-bremen","8":"tag-gleisbett","9":"tag-722","10":"tag-auto","11":"tag-autotransportzug","12":"tag-barnstorf","13":"tag-bremen","14":"tag-bundespolizei","15":"tag-de","16":"tag-deutschland","17":"tag-diepholz","18":"tag-germany","19":"tag-neuwagen","20":"tag-transportzug"},"share_on_mastodon":{"url":"https:\/\/pubeurope.com\/@de\/114774104126604964","error":""},"_links":{"self":[{"href":"https:\/\/www.europesays.com\/de\/wp-json\/wp\/v2\/posts\/231961","targetHints":{"allow":["GET"]}}],"collection":[{"href":"https:\/\/www.europesays.com\/de\/wp-json\/wp\/v2\/posts"}],"about":[{"href":"https:\/\/www.europesays.com\/de\/wp-json\/wp\/v2\/types\/post"}],"author":[{"embeddable":true,"href":"https:\/\/www.europesays.com\/de\/wp-json\/wp\/v2\/users\/2"}],"replies":[{"embeddable":true,"href":"https:\/\/www.europesays.com\/de\/wp-json\/wp\/v2\/comments?post=231961"}],"version-history":[{"count":0,"href":"https:\/\/www.europesays.com\/de\/wp-json\/wp\/v2\/posts\/231961\/revisions"}],"wp:featuredmedia":[{"embeddable":true,"href":"https:\/\/www.europesays.com\/de\/wp-json\/wp\/v2\/media\/231962"}],"wp:attachment":[{"href":"https:\/\/www.europesays.com\/de\/wp-json\/wp\/v2\/media?parent=231961"}],"wp:term":[{"taxonomy":"category","embeddable":true,"href":"https:\/\/www.europesays.com\/de\/wp-json\/wp\/v2\/categories?post=231961"},{"taxonomy":"post_tag","embeddable":true,"href":"https:\/\/www.europesays.com\/de\/wp-json\/wp\/v2\/tags?post=231961"}],"curies":[{"name":"wp","href":"https:\/\/api.w.org\/{rel}","templated":true}]}}