{"id":231980,"date":"2025-06-30T20:12:10","date_gmt":"2025-06-30T20:12:10","guid":{"rendered":"https:\/\/www.europesays.com\/de\/231980\/"},"modified":"2025-06-30T20:12:10","modified_gmt":"2025-06-30T20:12:10","slug":"experte-fuer-bauchchirurgie-top-chirurg-aus-nuertingen-wird-neuer-chefarzt-an-medius-klinik-ostfildern-ruit-kreis","status":"publish","type":"post","link":"https:\/\/www.europesays.com\/de\/231980\/","title":{"rendered":"Experte f\u00fcr Bauchchirurgie: Top-Chirurg aus N\u00fcrtingen wird neuer Chefarzt an Medius Klinik Ostfildern-Ruit &#8211; Kreis"},"content":{"rendered":"<p>\t\t\t\t\t\t\t\t\t\t\t\t\t\t\t\t\t\t\t\t\t\t\t\t\t\t\t\t\t\t\t\t\t\t\t\t   \t\t\t\t\t \t\t\t\t   \t      \t\t\t\t   <img decoding=\"async\" id=\"article-image\" fetchpriority=\"high\" alt=\"Experte f\u00fcr Bauchchirurgie: Top-Chirurg aus N\u00fcrtingen wird neuer Chefarzt an Medius Klinik Ostfildern-Ruit\" title=\"Experte f\u00fcr Bauchchirurgie: Top-Chirurg aus N\u00fcrtingen wird neuer Chefarzt an Medius Klinik Ostfildern-Ruit\" src=\"https:\/\/www.europesays.com\/de\/wp-content\/uploads\/2025\/06\/media.media.8444f0d8-a499-4104-b975-921696bafbb7.original700.jpg\" data-linkto=\"https:\/\/www.esslinger-zeitung.de\/javascript:void(0);\"\/>\t\t\t\t\t\t\t\t\t\t\t\t\t\t\t\t\t\t\t\t\t\t\t\tDr. Tobias Leibold  forschte bereits am Memorial Sloan-Kettering Cancer Center in New York\u00a0Foto: Medius Kliniken\t\t\t<\/p>\n<p>Der geb\u00fcrtige N\u00fcrtinger Dr. Tobias Leibold sammelte bereits international Erfahrungen. Im Juli wird der Chirurg Chefarzt an der Medius Klinik Ostfildern-Ruit.<\/p>\n<p>Ein Toparzt geht, ein neuer kommt. Laut Mitteilung der Medius Kliniken \u00fcbernimmt ab Juli der geb\u00fcrtige N\u00fcrtinger Dr. Tobias Leibold den Chefarztposten am Klinikstandort <a href=\"https:\/\/www.esslinger-zeitung.de\/thema\/Ostfildern\" title=\"Ostfildern\" class=\"art_thema\" rel=\"nofollow noopener\" target=\"_blank\">Ostfildern<\/a>-Ruit in der Abteilung Allgemein- und Viszeralchirurgie von Dr. Klaus Kraft. <\/p>\n<p>Laut Mitteilung hat Kraft die Abteilung \u201e\u00fcber Jahrzehnte hinweg zu einem der f\u00fchrenden Zentren f\u00fcr minimalinvasive Chirurgie in Baden-W\u00fcrttemberg entwickelt.\u201c Ab Juli 2026 \u00fcbernimmt Kraft die Leitung des neu gegr\u00fcndeten Hernienzentrums in <a href=\"https:\/\/www.esslinger-zeitung.de\/thema\/Kirchheim_unter_Teck\" title=\"Kirchheim\" class=\"art_thema\" rel=\"nofollow noopener\" target=\"_blank\">Kirchheim<\/a>. Eine Hernie ist ein Bruch der Bauchwand. Bis zum Weggang von Kraft arbeiten die beiden zusammen und regeln die \u00dcbergabe. <\/p>\n<p>Klinik Ostfildern bekommt Experten f\u00fcr roboterunterst\u00fctzte Chirurgie <\/p>\n<p>Sein Nachfolger Leibold muss sich aber nicht verstecken, was die Eignung angeht: Der 50-J\u00e4hrige verf\u00fcgt laut Mitteilung \u00fcber eine au\u00dfergew\u00f6hnlich breite operative Erfahrung und z\u00e4hlt zu den wenigen ausgewiesenen Viszeralchirurgen, die auf robotergest\u00fctzte Eingriffe mit dem Da-Vinci-System spezialisiert sind. Dabei handelt es sich um ein minimalinvasives Operationsverfahren. Einer seiner Schwerpunkte sei die Krebschirurgie, insbesondere bei Tumoren der Bauchspeicheldr\u00fcse und des Enddarms. <\/p>\n<p>  <img decoding=\"async\" loading=\"lazy\" src=\"https:\/\/www.europesays.com\/de\/wp-content\/uploads\/2025\/06\/media.media.f2b98ead-0daf-4571-89d8-26d2fc0a4466.original1024.media.jpeg\"\/>     Gesch\u00e4ftsf\u00fchrer J\u00f6rg Sagasser freut sich \u00fcber die Neuanstellung.    Foto: Horst Rudel    Vom New York \u00fcber Stuttgart zur\u00fcck nach Ostfildern <\/p>\n<p>Nach seiner Einarbeitung am Standort Ostfilderin-Ruit wird Leibold im Juli 2026 dann auch den Chefarztposten der Abteilung Allgemein- und Viszeralchirurgie an den beiden anderen Klinikstandorten in Kirchheim und <a href=\"https:\/\/www.esslinger-zeitung.de\/thema\/N%C3%BCrtingen\" title=\"N\u00fcrtingen\" class=\"art_thema\" rel=\"nofollow noopener\" target=\"_blank\">N\u00fcrtingen<\/a> \u00fcbernehmen.<\/p>\n<p>\u201eDass er als geb\u00fcrtiger N\u00fcrtinger auch eine enge pers\u00f6nliche Verbindung zur Region mitbringt, macht ihn umso mehr zu einem echten Gl\u00fccksgriff\u201c, wird J\u00f6rg Sagasser, Gesch\u00e4ftsf\u00fchrer Medizin der Medius Kliniken, zitiert. \u201eMit Dr. Leibold gewinnen wir einen hervorragend ausgebildeten und hochengagierten Viszeralchirurgen.\u201c<\/p>\n<p> Tobias Leibold studierte Medizin in Frankfurt und Ulm. Anschlie\u00dfend forschte er am Memorial Sloan-Kettering Cancer Center in New York. Zuletzt war er neun Jahre lang als leitender Oberarzt am Robert-Bosch-Krankenhaus in Stuttgart t\u00e4tig. <\/p>\n","protected":false},"excerpt":{"rendered":"Dr. Tobias Leibold forschte bereits am Memorial Sloan-Kettering Cancer Center in New York\u00a0Foto: Medius Kliniken Der geb\u00fcrtige N\u00fcrtinger&hellip;\n","protected":false},"author":2,"featured_media":231981,"comment_status":"","ping_status":"","sticky":false,"template":"","format":"standard","meta":{"footnotes":"","_share_on_mastodon":"0"},"categories":[1830],"tags":[1634,3364,29,3439,30,12081,73144,73142,73143,12082,8035,1441],"class_list":["post-231980","post","type-post","status-publish","format-standard","has-post-thumbnail","category-stuttgart","tag-baden-wuerttemberg","tag-de","tag-deutschland","tag-esslingen","tag-germany","tag-kirchheim-unter-teck","tag-krebsexperte","tag-medius-klinik","tag-medizinische-versorgung","tag-nuertingen","tag-ostfildern","tag-stuttgart"],"share_on_mastodon":{"url":"https:\/\/pubeurope.com\/@de\/114774143389023159","error":""},"_links":{"self":[{"href":"https:\/\/www.europesays.com\/de\/wp-json\/wp\/v2\/posts\/231980","targetHints":{"allow":["GET"]}}],"collection":[{"href":"https:\/\/www.europesays.com\/de\/wp-json\/wp\/v2\/posts"}],"about":[{"href":"https:\/\/www.europesays.com\/de\/wp-json\/wp\/v2\/types\/post"}],"author":[{"embeddable":true,"href":"https:\/\/www.europesays.com\/de\/wp-json\/wp\/v2\/users\/2"}],"replies":[{"embeddable":true,"href":"https:\/\/www.europesays.com\/de\/wp-json\/wp\/v2\/comments?post=231980"}],"version-history":[{"count":0,"href":"https:\/\/www.europesays.com\/de\/wp-json\/wp\/v2\/posts\/231980\/revisions"}],"wp:featuredmedia":[{"embeddable":true,"href":"https:\/\/www.europesays.com\/de\/wp-json\/wp\/v2\/media\/231981"}],"wp:attachment":[{"href":"https:\/\/www.europesays.com\/de\/wp-json\/wp\/v2\/media?parent=231980"}],"wp:term":[{"taxonomy":"category","embeddable":true,"href":"https:\/\/www.europesays.com\/de\/wp-json\/wp\/v2\/categories?post=231980"},{"taxonomy":"post_tag","embeddable":true,"href":"https:\/\/www.europesays.com\/de\/wp-json\/wp\/v2\/tags?post=231980"}],"curies":[{"name":"wp","href":"https:\/\/api.w.org\/{rel}","templated":true}]}}