{"id":232150,"date":"2025-06-30T21:45:14","date_gmt":"2025-06-30T21:45:14","guid":{"rendered":"https:\/\/www.europesays.com\/de\/232150\/"},"modified":"2025-06-30T21:45:14","modified_gmt":"2025-06-30T21:45:14","slug":"xxl-umbruch-bfc-dynamo-verabschiedet-18-spieler","status":"publish","type":"post","link":"https:\/\/www.europesays.com\/de\/232150\/","title":{"rendered":"XXL-Umbruch: BFC Dynamo verabschiedet 18(!) Spieler"},"content":{"rendered":"<p>Regionalligist baut Kader um<\/p>\n<p>Der BFC Dynamo baut seinen Kader in diesem Sommer radikal um.<\/p>\n<p>Einige Abg\u00e4nge beim BFC waren l\u00e4ngst bekannt. Bennedikt W\u00fcstenhagen (Borussia Dortmund II), David Gr\u00f6zinger (Lok Leipzig), Kevin Lankford (Jena), McMoordy H\u00fcther (Greifswald), Steffen Eder (Greifswald), Tobias Stockinger (Chemnitz), David Haider (Fortuna K\u00f6ln), Julian Wie\u00dfmeier (FC Dornbirn), Karim El Abed (Bahlinger SC) und Jules Hasenberg (Hertha 03 Zehlendorf) wurden allesamt bereits bei neuen Vereinen vorgestellt. <\/p>\n<p>Nun hat der Klub aus Hohensch\u00f6nhausen weitere Abg\u00e4nge vermeldet. Chris Reher ist einer von ihnen. Der Kapit\u00e4n beendet seine Karrieren. Sieben Jahre lang trug er das Trikot des BFC, wird dem Verein als Trainer im Nachwuchsbereich erhalten bleiben. Auch Henry-Jon Crosthwaite, Vasileios Dedidis, Erlind Zogjani, Fatih Baca, Ben Meyer, Kristijan Makovec und Leon B\u00e4tge werden in der kommenden Saison nicht mehr Teil des Regionalligisten sein. Ihre Vertr\u00e4ge laufen aus, neue Arbeitgeber sind bisher bei allen noch nicht bekannt.<\/p>\n<p>Insgesamt gibt der BFC somit gleich 18 Spieler ab. Dar\u00fcber hinaus wird auch der Staff umgekrempelt. Co-Trainer Nils Weiler ist bereits seit April nicht mehr an Bord. Nun gehen auch Torwarttrainer Udo Gans und Physiotherapeut Pascal K\u00e4mper. Angelo Vier gibt die sportliche Leitung an Enis Alushi ab.<\/p>\n<p>Der hat in den kommenden Wochen bereits auf die vielen Abg\u00e4nge reagiert. Bis zum heutigen Montag hat der Verein 15 neue Spieler verpflichtet. Enrique Pereira da Silva ist als letztes zum Team gesto\u00dfen. Der 23-j\u00e4hrige Au\u00dfenverteidiger war zuletzt vereinslos. Zuvor spielte er bei Steinbach Haiger und Stuttgart II. Die weiteren Neuzug\u00e4nge sind Tobias Gunte (VSG Altglienicke), Leander Fritzsche (Ph\u00f6nix L\u00fcbeck), Levin Mattm\u00fcller (Luckenwalde), Larry-Nana Oellers (Viktoria Berlin), Can Karatas (Hoffenheim II), Jamal Rogero (Rathenow), Brandon Happi Monthe (Hallbergmoos), Americo Neves (VfL Halle), Tim Windsheimer (Heidenheim U19), Antoni Wrebiakowski (Hansa Rostock II), Lion Ganztke (Magdeburg U19), Nicolas Ortegel (N\u00fcrnberg II) und Moritz Polte aus dem eigenen Nachwuchs.<\/p>\n<p>    Alle (Spieler-)Transfers findet hier hier aufgelistet: <\/p>\n<p>Zug\u00e4nge<\/p>\n<p>Tobias Gunte (Altglienicke)<br \/>Leander Fritzsche (Ph\u00f6nix L\u00fcbeck)<br \/>Levin Mattm\u00fcller (Luckenwalde)<br \/>Larry-Nana Oellers (Viktoria Berlin)<br \/>Can Karatas (Hoffenheim II)<br \/>Jamal Rogero (Rathenow)<br \/>Brandon Happi Monthe (Hallbergmoos)<br \/>Americo Neves (VfL Halle)<br \/>Tim Windsheimer (Heidenheim U19)<br \/>Antoni Wrebiakowski (Hansa Rostock II)<br \/>Lion Gantzke (Magdeburg U19)<br \/>Nicolas Ortegel (N\u00fcrnberg II)<br \/>Moritz Polte (eigene U19)<\/p>\n<p>Abg\u00e4nge<\/p>\n<p>Chris Reher (Karriereende)<br \/>Tobias Stockinger (Chemnitz)<br \/>McMoordy H\u00fcther (Greifswald)<br \/>Kevin Lankford (Jena)<br \/>Steffen Eder (Greifswald)<br \/>David Gr\u00f6zinger (Lok Leipzig)<br \/>Bennedikt W\u00fcstenhagen (Dortmund II)<br \/>Karim El Abed (Bahlinger SC)<br \/>Jules Hasenberg (Hertha 03 Zehlendorf)<br \/>David Haider (Fortuna K\u00f6ln)<br \/>Julian Wie\u00dfmeier (FC Dornbirn)<br \/>Leon B\u00e4tge (Unbekannt)<br \/>Kristijan Makovec (Unbekannt)<br \/>Ben Meyer (Unbekannt)<br \/>Fatih Baca (Unbekannt)<br \/>Erlind Zogjani (Unbekannt)<br \/>Vasileios Dedidis (Unbekannt)<br \/>Henry-Jon Crosthwaite (Unbekannt)<\/p>\n","protected":false},"excerpt":{"rendered":"Regionalligist baut Kader um Der BFC Dynamo baut seinen Kader in diesem Sommer radikal um. Einige Abg\u00e4nge beim&hellip;\n","protected":false},"author":2,"featured_media":232151,"comment_status":"","ping_status":"","sticky":false,"template":"","format":"standard","meta":{"footnotes":""},"categories":[1825],"tags":[73190,73197,296,12442,73184,68749,73183,29,73196,73188,30,73195,73193,73182,73194,73187,73198,73186,73191,3458,73185,73189,73192],"class_list":{"0":"post-232150","1":"post","2":"type-post","3":"status-publish","4":"format-standard","5":"has-post-thumbnail","7":"category-berlin","8":"tag-ben-meyer","9":"tag-bennedikt-wuestenhagen","10":"tag-berlin","11":"tag-bfc-dynamo","12":"tag-chris-reher","13":"tag-david-groezinger","14":"tag-david-haider","15":"tag-deutschland","16":"tag-erlind-zogjani","17":"tag-fatih-baca","18":"tag-germany","19":"tag-henry-jon-crosthwaite","20":"tag-jules-hasenberg","21":"tag-julian-wiessmeier","22":"tag-karim-el-abed","23":"tag-kevin-lankford","24":"tag-kristijan-makovec","25":"tag-leon-baetge","26":"tag-mcmoordy-huether","27":"tag-regionalliga-nordost","28":"tag-steffen-eder","29":"tag-tobias-stockinger","30":"tag-vasileios-dedidis"},"share_on_mastodon":{"url":"","error":""},"_links":{"self":[{"href":"https:\/\/www.europesays.com\/de\/wp-json\/wp\/v2\/posts\/232150","targetHints":{"allow":["GET"]}}],"collection":[{"href":"https:\/\/www.europesays.com\/de\/wp-json\/wp\/v2\/posts"}],"about":[{"href":"https:\/\/www.europesays.com\/de\/wp-json\/wp\/v2\/types\/post"}],"author":[{"embeddable":true,"href":"https:\/\/www.europesays.com\/de\/wp-json\/wp\/v2\/users\/2"}],"replies":[{"embeddable":true,"href":"https:\/\/www.europesays.com\/de\/wp-json\/wp\/v2\/comments?post=232150"}],"version-history":[{"count":0,"href":"https:\/\/www.europesays.com\/de\/wp-json\/wp\/v2\/posts\/232150\/revisions"}],"wp:featuredmedia":[{"embeddable":true,"href":"https:\/\/www.europesays.com\/de\/wp-json\/wp\/v2\/media\/232151"}],"wp:attachment":[{"href":"https:\/\/www.europesays.com\/de\/wp-json\/wp\/v2\/media?parent=232150"}],"wp:term":[{"taxonomy":"category","embeddable":true,"href":"https:\/\/www.europesays.com\/de\/wp-json\/wp\/v2\/categories?post=232150"},{"taxonomy":"post_tag","embeddable":true,"href":"https:\/\/www.europesays.com\/de\/wp-json\/wp\/v2\/tags?post=232150"}],"curies":[{"name":"wp","href":"https:\/\/api.w.org\/{rel}","templated":true}]}}