{"id":232381,"date":"2025-06-30T23:51:10","date_gmt":"2025-06-30T23:51:10","guid":{"rendered":"https:\/\/www.europesays.com\/de\/232381\/"},"modified":"2025-06-30T23:51:10","modified_gmt":"2025-06-30T23:51:10","slug":"klub-wm-fluminense-schickt-inter-mailand-nach-hause","status":"publish","type":"post","link":"https:\/\/www.europesays.com\/de\/232381\/","title":{"rendered":"Klub-WM: Fluminense schickt Inter Mailand nach Hause"},"content":{"rendered":"<p class=\"metatextline\">Stand: 30.06.2025 23:09 Uhr<\/p>\n<p class=\"textabsatz columns twelve  m-ten  m-offset-one l-eight l-offset-two\">\n        <strong>Der brasilianische Klub Fluminense ist durch einen Sieg gegen Inter Mailand ins Viertelfinale der Klub-WM eingezogen. Auch, weil der 44 Jahre alte Torwart in Topform war.<\/strong>\n    <\/p>\n<p class=\"textabsatz m-ten m-offset-one l-eight l-offset-two columns twelve\">\nEin fr\u00fches Tor von German Cano (3.) und ein sp\u00e4tes von Hercules in der vierten Minute der Nachspielzeit sorgten am Montag (30.06.2025) f\u00fcr den 2:0 (1:0)-Erfolg.<\/p>\n<ul class=\"buttongroup buttongroup--copytext\">\n<li class=\"buttongroup__item\">\n<p>    <a class=\"btn btn--text btn--standard-secondary btn--fullwidth\" href=\"https:\/\/www.sportschau.de\/live-und-ergebnisse\/fussball\/fifa-klub-wm\/spiele-und-ergebnisse\" target=\"_blank\" rel=\"noopener\"><br \/>\n        Klub-WM, Achtelfinale<br \/>\n        Pfeil rechts<\/p>\n<p>    <\/a>\n<\/li>\n<\/ul>\n<p class=\"textabsatz m-ten m-offset-one l-eight l-offset-two columns twelve\">\nS\u00e4mtliche vier brasilianische Mannschaften hatten es durch die Gruppenphase geschafft. Mindestens eine w\u00fcrde es auch ins Viertelfinale schaffen, das war wegen des direkten Duells zwischen Palmeiras und Botafogo klar.<\/p>\n<p class=\"textabsatz m-ten m-offset-one l-eight l-offset-two columns twelve\">\nPalmeiras kam durch einen 1:0-Sieg weiter, Flamengo schied dann einen Tag sp\u00e4ter mit 2:4 gegen den FC Bayern M\u00fcnchen aus.<\/p>\n<p class=\"textabsatz m-ten m-offset-one l-eight l-offset-two columns twelve\">\nMit der Partie zwischen Fluminense und Inter Mailand stand das letzte Duell zwischen einer s\u00fcdamerikanischen und europ\u00e4ischen Mannschaft im Achtelfinale an. Der Sieger der Copa Libertadores traf auf den Finalisten der Champions League von 2025, der im Finale in M\u00fcnchen mit 0:5 von Paris Saint-Germain gedem\u00fctigt worden war.<\/p>\n<p>    Fans von Fluminense sorgen f\u00fcr einigerma\u00dfen Stimmung<\/p>\n<p class=\"textabsatz m-ten m-offset-one l-eight l-offset-two columns twelve\">\nDas Stadion in Charlotte war wieder mal viel zu gro\u00df, und selbst im Unterrang gab es viele L\u00fccken. Aber die Fans von Fluminense aus Rio de Janeiro sorgten einigerma\u00dfen f\u00fcr Stimmung.<\/p>\n<p class=\"textabsatz m-ten m-offset-one l-eight l-offset-two columns twelve\">\nSie bekamen schnell nach dem Anpfiff noch bessere Laune, denn ihre Mannschaft ging schon in der dritten Minute in F\u00fchrung. Nach einer abgef\u00e4lschten Flanke verloren Inters zentrale Verteidiger die Orientierung, der Argentinier German Cano nutzte das aus und k\u00f6pfte Yann Sommer den Ball aus drei Metern durch die Beine ins Netz.<\/p>\n<p>    F\u00e1bio mit 44 Jahren top<\/p>\n<p class=\"textabsatz m-ten m-offset-one l-eight l-offset-two columns twelve\">\nDer Schweizer Torwart ist 36 Jahre alt. Es kommt schon vor, dass der Torwart des Gegners \u00e4lter ist, aber acht Jahre Unterschied sind dann doch au\u00dfergew\u00f6hnlich.<\/p>\n<p class=\"absatzbild__info__text\">\n                        1997 Weltmeister mit der U17, 2025 im Viertelfinale der Klub-WM: F\u00e1bio\n                    <\/p>\n<p class=\"textabsatz m-ten m-offset-one l-eight l-offset-two columns twelve\">\nF\u00e1bio wird am 30. September 45 Jahre alt. Er hat mehr als 1.300 Spieler als Profi bestritten, wurde noch im alten Jahrtausend Weltmeister mit der brasilianischen U17. Einer seiner Mannschaftskollegen war damals Ronaldinho.<\/p>\n<p>    Starker Reflex gegen Lautaro Martinez<\/p>\n<p class=\"textabsatz m-ten m-offset-one l-eight l-offset-two columns twelve\">\nF\u00e1bio verrichtet seine Arbeit weiterhin gut, das zeigte er auch gegen Inter. In der elften Minute wehrte er einen Schuss von Federico Dimarco ab, in der 82. einen von Lautaro Martinez, und das mit einem pr\u00e4chtigen Reflex.<\/p>\n<p class=\"textabsatz m-ten m-offset-one l-eight l-offset-two columns twelve\">\nKurze Zeit sp\u00e4ter hatte er Gl\u00fcck, denn ein Schuss von Martinez prallte an den Pfosten, sehr zur Freude der Fans von Fluminense, die nach einem weiteren Treffer in der siebenmin\u00fctigen Minuten Nachspielzeit bejubeln durften, dass es eine zweite brasilianische Mannschaft ins Viertelfinale der Klub-WM geschafft hat.<\/p>\n","protected":false},"excerpt":{"rendered":"Stand: 30.06.2025 23:09 Uhr Der brasilianische Klub Fluminense ist durch einen Sieg gegen Inter Mailand ins Viertelfinale der&hellip;\n","protected":false},"author":2,"featured_media":232382,"comment_status":"","ping_status":"","sticky":false,"template":"","format":"standard","meta":{"footnotes":""},"categories":[5],"tags":[331,332,3364,29,347,30,13,13975,14,15,12],"class_list":{"0":"post-232381","1":"post","2":"type-post","3":"status-publish","4":"format-standard","5":"has-post-thumbnail","7":"category-nachrichten","8":"tag-aktuelle-nachrichten","9":"tag-aktuelle-news","10":"tag-de","11":"tag-deutschland","12":"tag-fussball","13":"tag-germany","14":"tag-headlines","15":"tag-klub-wm","16":"tag-nachrichten","17":"tag-news","18":"tag-schlagzeilen"},"share_on_mastodon":{"url":"https:\/\/pubeurope.com\/@de\/114775004975921721","error":""},"_links":{"self":[{"href":"https:\/\/www.europesays.com\/de\/wp-json\/wp\/v2\/posts\/232381","targetHints":{"allow":["GET"]}}],"collection":[{"href":"https:\/\/www.europesays.com\/de\/wp-json\/wp\/v2\/posts"}],"about":[{"href":"https:\/\/www.europesays.com\/de\/wp-json\/wp\/v2\/types\/post"}],"author":[{"embeddable":true,"href":"https:\/\/www.europesays.com\/de\/wp-json\/wp\/v2\/users\/2"}],"replies":[{"embeddable":true,"href":"https:\/\/www.europesays.com\/de\/wp-json\/wp\/v2\/comments?post=232381"}],"version-history":[{"count":0,"href":"https:\/\/www.europesays.com\/de\/wp-json\/wp\/v2\/posts\/232381\/revisions"}],"wp:featuredmedia":[{"embeddable":true,"href":"https:\/\/www.europesays.com\/de\/wp-json\/wp\/v2\/media\/232382"}],"wp:attachment":[{"href":"https:\/\/www.europesays.com\/de\/wp-json\/wp\/v2\/media?parent=232381"}],"wp:term":[{"taxonomy":"category","embeddable":true,"href":"https:\/\/www.europesays.com\/de\/wp-json\/wp\/v2\/categories?post=232381"},{"taxonomy":"post_tag","embeddable":true,"href":"https:\/\/www.europesays.com\/de\/wp-json\/wp\/v2\/tags?post=232381"}],"curies":[{"name":"wp","href":"https:\/\/api.w.org\/{rel}","templated":true}]}}