{"id":232538,"date":"2025-07-01T01:20:12","date_gmt":"2025-07-01T01:20:12","guid":{"rendered":"https:\/\/www.europesays.com\/de\/232538\/"},"modified":"2025-07-01T01:20:12","modified_gmt":"2025-07-01T01:20:12","slug":"modehaendler-woehrl-eroeffnet-outlet-im-ehemaligen-kaufhof","status":"publish","type":"post","link":"https:\/\/www.europesays.com\/de\/232538\/","title":{"rendered":"Modeh\u00e4ndler W\u00f6hrl er\u00f6ffnet Outlet im ehemaligen Kaufhof"},"content":{"rendered":"<p>Outlet geplant <\/p>\n<p>Moderiese zieht in den ehemaligen Kaufhof ein<\/p>\n<p>30.06.2025 &#8211; 19:28 UhrLesedauer: 2 Min.<\/p>\n<p><a href=\"#focus-0\" class=\"transition-colors duration-200 focus-within:text-magenta block text-current relative\" data-sctrack=\"FocusGalleryImage.Reference\"><img fetchpriority=\"high\" data-testid=\"Opener.Image\" style=\"--lqipURL:url('https:\/\/images.t-online.de\/2025\/06\/tTbIxs1uq2LP\/312x0:2540x1429\/fit-in\/150x0\/filters:blur(25)\/ein-neuer-mieter-fuer-den-leer-stehenden-kaufhof-l-ist-gefunden-der-ist-der-nuernberger-innenstadt-kein-unbekannter.jpg')\"   loading=\"eager\" src=\"https:\/\/www.europesays.com\/de\/wp-content\/uploads\/2025\/07\/ein-neuer-mieter-fuer-den-leer-stehenden-kaufhof-l-ist-gefunden-der-ist-der-nuernberger-innenstadt-k.jpeg\" alt=\"Ein neuer Mieter f\u00fcr den leer stehenden Kaufhof (l) ist gefunden: Der ist der N\u00fcrnberger Innenstadt kein Unbekannter.\" title=\"Ein neuer Mieter f\u00fcr den leer stehenden Kaufhof (l) ist gefunden: Der ist der N\u00fcrnberger Innenstadt kein Unbekannter.\" width=\"2540\" height=\"1429\" class=\"bg-[url:var(--lqipURL)] bg-cover bg-center flex h-full w-full max-w-full\" decoding=\"async\"\/><img style=\"--width:32;--height:32\" loading=\"lazy\" src=\"https:\/\/www.t-online.de\/s\/paper\/_next\/static\/media\/zoom-in.f7dae02f.svg\" alt=\"Vergr\u00f6\u00dfern des Bildes\" title=\"Vergr\u00f6\u00dfern des Bildes\" class=\"block h-[calc(var(--height)_\/_16_*_1rem)] w-[calc(var(--width)_\/_16_*_1rem)] max-w-none absolute bottom-8 right-8 rounded-4 bg-snow p-8\" decoding=\"async\"\/><\/a><\/p>\n<p>Ein neuer Mieter f\u00fcr den leer stehenden Kaufhof (l) ist gefunden: Der ist der N\u00fcrnberger Innenstadt kein Unbekannter. (Quelle: imago\/imago-images-bilder)<\/p>\n<p class=\"font-bold text-18 leading-17\">Im Kaufhof geht es voran. Jetzt hat die Stadt einen neuen Mieter f\u00fcr das Erdgeschoss gefunden. Schon im Sp\u00e4tsommer soll die neue Filiale er\u00f6ffnen.<\/p>\n<p class=\"text-18 leading-17\">Bewegung im ehemaligen <a class=\"transition-colors duration-200 cursor-pointer text-inherit no-underline text-salemsfur md:hover:text-magenta md:hover:border-magenta md:focus:text-magenta border-current border-b border-solid break-words\" href=\"https:\/\/www.t-online.de\/themen\/kaufhof\/\" data-sctrack=\"BodyAnchor\" target=\"_blank\" rel=\"noopener\">Kaufhof<\/a> in <a class=\"transition-colors duration-200 cursor-pointer text-inherit no-underline text-salemsfur md:hover:text-magenta md:hover:border-magenta md:focus:text-magenta border-current border-b border-solid break-words\" href=\"https:\/\/www.t-online.de\/region\/nuernberg\/\" data-sctrack=\"BodyAnchor\" target=\"_blank\" rel=\"noopener\">N\u00fcrnberg<\/a>: In das seit rund zwei Jahren leer stehende Kaufhaus zieht ein bekannter Modeh\u00e4ndler ein. Der Mietvertrag daf\u00fcr sei bereits am Montag unterzeichnet worden, wie die Stadt N\u00fcrnberg mitteilte.<\/p>\n<p class=\"text-18 leading-17\">Konkret wolle der N\u00fcrnberger Modeh\u00e4ndler W\u00f6hrl im rund 3.000 Quadratmetern gro\u00dfen Erdgeschoss des Geb\u00e4udes eine Art Outlet er\u00f6ffnen. Die Umbauarbeiten daf\u00fcr sollen sofort beginnen. Nach Angaben von Wirtschaftsreferentin Andrea Heilmaier (CSU) investiere das Unternehmen &#8222;erheblich&#8220; in das Geb\u00e4ude.<\/p>\n<p class=\"text-18 leading-17\">Christian Greiner, Vorsitzender des Aufsichtsrats Rudolf W\u00f6hrl SE, sagt: &#8222;N\u00fcrnberg ist die Keimzelle und bis heute Stammsitz unseres Unternehmens. Somit liegt uns die Belebung und Attraktivit\u00e4t der Innenstadt enorm am Herzen.&#8220; Mit der Er\u00f6ffnung der neuen Filiale wolle das Unternehmen einen weiteren Beitrag dazu leisten.<\/p>\n<p class=\"text-18 leading-17\">Die Stadt hatte das leer stehende Kaufhaus im Sommer 2024 gekauft \u2013 mit dem Ziel, es so schnell wie m\u00f6glich wiederzubeleben. Bis endg\u00fcltig klar ist, wie das Geb\u00e4ude in Zukunft genutzt werden wird, will die Stadtverwaltung Zwischenmieter akquirieren. Aktuell sei noch eine rund 20 Quadratmeter gro\u00dfe Ladeneinheit (ehemals Blume2000) zu vergeben, hei\u00dft es in der aktuellen Mitteilung.<\/p>\n","protected":false},"excerpt":{"rendered":"Outlet geplant Moderiese zieht in den ehemaligen Kaufhof ein 30.06.2025 &#8211; 19:28 UhrLesedauer: 2 Min. Ein neuer Mieter&hellip;\n","protected":false},"author":2,"featured_media":232539,"comment_status":"","ping_status":"","sticky":false,"template":"","format":"standard","meta":{"footnotes":""},"categories":[1837],"tags":[8022,772,3364,29,73251,45057,30,2295,3783,28871,73250],"class_list":{"0":"post-232538","1":"post","2":"type-post","3":"status-publish","4":"format-standard","5":"has-post-thumbnail","7":"category-nuernberg","8":"tag-andrea-heilmaier","9":"tag-bayern","10":"tag-de","11":"tag-deutschland","12":"tag-erdgeschoss","13":"tag-galeria-kaufhof","14":"tag-germany","15":"tag-mieter","16":"tag-nuernberg","17":"tag-outlet","18":"tag-rudolf-woehrl"},"share_on_mastodon":{"url":"","error":""},"_links":{"self":[{"href":"https:\/\/www.europesays.com\/de\/wp-json\/wp\/v2\/posts\/232538","targetHints":{"allow":["GET"]}}],"collection":[{"href":"https:\/\/www.europesays.com\/de\/wp-json\/wp\/v2\/posts"}],"about":[{"href":"https:\/\/www.europesays.com\/de\/wp-json\/wp\/v2\/types\/post"}],"author":[{"embeddable":true,"href":"https:\/\/www.europesays.com\/de\/wp-json\/wp\/v2\/users\/2"}],"replies":[{"embeddable":true,"href":"https:\/\/www.europesays.com\/de\/wp-json\/wp\/v2\/comments?post=232538"}],"version-history":[{"count":0,"href":"https:\/\/www.europesays.com\/de\/wp-json\/wp\/v2\/posts\/232538\/revisions"}],"wp:featuredmedia":[{"embeddable":true,"href":"https:\/\/www.europesays.com\/de\/wp-json\/wp\/v2\/media\/232539"}],"wp:attachment":[{"href":"https:\/\/www.europesays.com\/de\/wp-json\/wp\/v2\/media?parent=232538"}],"wp:term":[{"taxonomy":"category","embeddable":true,"href":"https:\/\/www.europesays.com\/de\/wp-json\/wp\/v2\/categories?post=232538"},{"taxonomy":"post_tag","embeddable":true,"href":"https:\/\/www.europesays.com\/de\/wp-json\/wp\/v2\/tags?post=232538"}],"curies":[{"name":"wp","href":"https:\/\/api.w.org\/{rel}","templated":true}]}}