{"id":232621,"date":"2025-07-01T02:04:16","date_gmt":"2025-07-01T02:04:16","guid":{"rendered":"https:\/\/www.europesays.com\/de\/232621\/"},"modified":"2025-07-01T02:04:16","modified_gmt":"2025-07-01T02:04:16","slug":"afd-weidel-und-chrupalla-erhalten-drastische-gehaltserhoehung-sie-kassieren-jetzt-24-000-euro-im-monat","status":"publish","type":"post","link":"https:\/\/www.europesays.com\/de\/232621\/","title":{"rendered":"AfD: Weidel und Chrupalla erhalten drastische Gehaltserh\u00f6hung \u2013 Sie kassieren jetzt 24.000 Euro im Monat"},"content":{"rendered":"<p>Knapp 12.000 Euro sind nicht genug: Die AfD-Chefs Alice Weidel und Tino Chrupalla erhalten einem Bericht zufolge k\u00fcnftig zus\u00e4tzlich eine Funktionszulage in genau der gleichen H\u00f6he. In der Fraktion herrscht dar\u00fcber offenbar Unmut.<\/p>\n<p class=\"is-first-paragraph\" data-external=\"Article.FirstParagraph\">Die AfD-Spitze im Deutschen Bundestag hat sich von ihrer Fraktion eine stattliche Gehaltserh\u00f6hung absegnen lassen. Das berichtet das Nachrichtenportal \u201e<a class=\"is-link c-block-items__link c-link--rich-text-renderer\" href=\"https:\/\/www.t-online.de\/nachrichten\/deutschland\/innenpolitik\/id_100797690\/afd-fraktion-weidel-und-chrupalla-verdoppeln-sich-das-gehalt.html\" data-internal-tracking-enabled=\"true\" data-internal-tracking=\"{&quot;action&quot;:&quot;click&quot;,&quot;label&quot;:&quot;link&quot;,&quot;name&quot;:&quot;Inline Element&quot;,&quot;data&quot;:{&quot;source&quot;:&quot;&quot;,&quot;target&quot;:&quot;https:\/\/www.t-online.de\/nachrichten\/deutschland\/innenpolitik\/id_100797690\/afd-fraktion-weidel-und-chrupalla-verdoppeln-sich-das-gehalt.html&quot;,&quot;trackingName&quot;:&quot;&quot;,&quot;trackingLabel&quot;:&quot;&quot;}}\" target=\"_blank\" rel=\"noopener\">t-online<\/a>\u201c. Die AfD-Fraktionschefs Alice Weidel und Tino Chrupalla sollen nun zus\u00e4tzlich zu ihrer Abgeordnetendi\u00e4t von rund 12.000 Euro pro Monat weitere 12.000 Euro als Funktionszulage erhalten. Bisher betrug diese Zulage f\u00fcr die AfD-Fraktionsvorsitzenden 6.000 Euro, also 50 Prozent der Abgeordnetendi\u00e4t zus\u00e4tzlich. Nun sind es 100 Prozent.<\/p>\n<p>Auch der Rest des Fraktionsvorstands erh\u00e4lt eine verdoppelte Zulage. Waren es f\u00fcr die stellvertretenden Fraktionsvorsitzenden und Parlamentarischen Gesch\u00e4ftsf\u00fchrer bisher 25 Prozent der Abgeordnetendi\u00e4t obendrauf, erhalten sie nun 50 Prozent \u2013 also rund 6.000 Euro pro Monat extra. <\/p>\n<p>\u00dcber die Erh\u00f6hung stimmte die AfD-Fraktion am Dienstag vergangener Woche am Ende ihrer Fraktionssitzung ab. In der Vorlage des Vorstands waren nach Informationen von t-online die genauen Zahlen allerdings nicht genannt, sie wurden erst m\u00fcndlich einger\u00e4umt.  <\/p>\n<p>Die Fraktion stimmte f\u00fcr die Vorlage, seither aber ist bei manchem der Unmut gro\u00df. \u201eUnversch\u00e4mt\u201c, findet ein AfD-Abgeordneter die Erh\u00f6hung. \u201eIch war erschrocken\u201c, sagt ein anderer. \u201eDas h\u00e4tte ich so nicht erwartet.\u201c Namentlich genannt werden wollen die Kritiker nicht.<\/p>\n<p>Die AfD-Spitze im Bundestag erkl\u00e4rt \u00fcber einen Sprecher der Fraktion, dass mit der Erh\u00f6hung der Zulagen der \u201e\u00dcbernahme von Verantwortung und der dadurch signifikant erh\u00f6hten Arbeitsbelastung\u201c Rechnung getragen werden solle. Verwiesen wird auf die in dieser Legislatur doppelt so gro\u00dfe Fraktion. Bei der AfD komme zudem speziell das Bestreben hinzu, die \u201ebis ins Private reichenden Anfeindungen und Bedrohungen\u201c gegen AfD-Funktion\u00e4re in \u00f6ffentlichkeitswirksamen \u00c4mtern \u201ezumindest teilweise\u201c finanziell zu kompensieren.<\/p>\n<p>Gr\u00fcne bislang auf AfD-Niveau<\/p>\n<p>In der Opposition im Bundestag ist die AfD-F\u00fchrung mit ihren Zulagen nun Spitzenreiter. Die Gr\u00fcnen machen ihre Zahlungen transparent, laut ihrer Homepage erhalten \u201eFraktionsvorsitzende, Erste Parlamentarische Gesch\u00e4ftsf\u00fchrerin, die Parlamentarischen Gesch\u00e4ftsf\u00fchrerinnen und stellvertretende Fraktionsvorsitzenden eine Funktionszulage in H\u00f6he von 50 Prozent, 37,5 Prozent, 25 Prozent und 20 Prozent einer monatlichen Di\u00e4t\u201c. Bedeutet: Die Gr\u00fcnen waren bisher auf einem \u00e4hnlichen Niveau wie die AfD \u2013 nun zahlt die AfD ihrer Spitze im Parlament das Doppelte.<\/p>\n<p>Die Linke zahlt seit der neuen Legislatur an ihren Fraktionsvorstand gar keine Zulagen mehr. \u201eWir sind der Meinung, dass die H\u00f6he der Abgeordnetendi\u00e4ten mehr als ausreichend ist\u201c, sagte Ina Latendorf, Erste Parlamentarische Gesch\u00e4ftsf\u00fchrerin der Fraktion, gegen\u00fcber \u201et-online\u201c.<\/p>\n<p>Intransparenz hingegen herrscht bei Union und SPD. Beide Fraktionen erkl\u00e4rten dem Bericht nach, dass sie \u00fcber Zulagen f\u00fcr einzelne Funktionen in ihren Vorst\u00e4nden keine Ausk\u00fcnfte geben. Stattdessen verweisen sie auf die Gesamtsumme, die an \u201eMitglieder f\u00fcr die Wahrnehmung besonderer Funktionen\u201c geflossen ist: Laut \u201eBekanntmachung der gepr\u00fcften Rechnungen der Fraktionen\u201c des Deutschen Bundestags waren das im Jahr 2023 bei der CDU\/CSU insgesamt 2.079.743 Euro, bei der SPD-Fraktion 1.805.999 Euro. <\/p>\n<p>Damit d\u00fcrften SPD und Union im Bundestag insgesamt wohl die Statistik anf\u00fchren. Zum Vergleich: 2023 betrug die Gesamtsumme der in der AfD-Fraktion an Vorstandsmitglieder gezahlten Betr\u00e4ge noch 228.978 Euro.<\/p>\n<p>Die Di\u00e4ten f\u00fcr die Abgeordneten des Deutschen Bundestags steigen zum 1. Juli auf knapp 11.833 Euro. <\/p>\n<p>rct<\/p>\n","protected":false},"excerpt":{"rendered":"Knapp 12.000 Euro sind nicht genug: Die AfD-Chefs Alice Weidel und Tino Chrupalla erhalten einem Bericht zufolge k\u00fcnftig&hellip;\n","protected":false},"author":2,"featured_media":232622,"comment_status":"","ping_status":"","sticky":false,"template":"","format":"standard","meta":{"footnotes":""},"categories":[2],"tags":[186,28184,49688,10358,29,73267,30,13,14,15,110,12,184,11366,10,8,9,11,10359],"class_list":{"0":"post-232621","1":"post","2":"type-post","3":"status-publish","4":"format-standard","5":"has-post-thumbnail","7":"category-deutschland","8":"tag-afd","9":"tag-alice-afd","10":"tag-bundestag-ks","11":"tag-chrupalla","12":"tag-deutschland","13":"tag-diaetenerhoehung-ks","14":"tag-germany","15":"tag-headlines","16":"tag-nachrichten","17":"tag-news","18":"tag-newsteam","19":"tag-schlagzeilen","20":"tag-spd","21":"tag-tino","22":"tag-top-news","23":"tag-top-meldungen","24":"tag-topmeldungen","25":"tag-topnews","26":"tag-weidel"},"share_on_mastodon":{"url":"https:\/\/pubeurope.com\/@de\/114775527463989974","error":""},"_links":{"self":[{"href":"https:\/\/www.europesays.com\/de\/wp-json\/wp\/v2\/posts\/232621","targetHints":{"allow":["GET"]}}],"collection":[{"href":"https:\/\/www.europesays.com\/de\/wp-json\/wp\/v2\/posts"}],"about":[{"href":"https:\/\/www.europesays.com\/de\/wp-json\/wp\/v2\/types\/post"}],"author":[{"embeddable":true,"href":"https:\/\/www.europesays.com\/de\/wp-json\/wp\/v2\/users\/2"}],"replies":[{"embeddable":true,"href":"https:\/\/www.europesays.com\/de\/wp-json\/wp\/v2\/comments?post=232621"}],"version-history":[{"count":0,"href":"https:\/\/www.europesays.com\/de\/wp-json\/wp\/v2\/posts\/232621\/revisions"}],"wp:featuredmedia":[{"embeddable":true,"href":"https:\/\/www.europesays.com\/de\/wp-json\/wp\/v2\/media\/232622"}],"wp:attachment":[{"href":"https:\/\/www.europesays.com\/de\/wp-json\/wp\/v2\/media?parent=232621"}],"wp:term":[{"taxonomy":"category","embeddable":true,"href":"https:\/\/www.europesays.com\/de\/wp-json\/wp\/v2\/categories?post=232621"},{"taxonomy":"post_tag","embeddable":true,"href":"https:\/\/www.europesays.com\/de\/wp-json\/wp\/v2\/tags?post=232621"}],"curies":[{"name":"wp","href":"https:\/\/api.w.org\/{rel}","templated":true}]}}