{"id":232661,"date":"2025-07-01T02:27:10","date_gmt":"2025-07-01T02:27:10","guid":{"rendered":"https:\/\/www.europesays.com\/de\/232661\/"},"modified":"2025-07-01T02:27:10","modified_gmt":"2025-07-01T02:27:10","slug":"ukraine-krieg-im-liveticker-0344-un-generalsekretaer-verspricht-ukraine-wiederaufbau-hilfe","status":"publish","type":"post","link":"https:\/\/www.europesays.com\/de\/232661\/","title":{"rendered":"Ukraine-Krieg im Liveticker: +++ 03:44 UN-Generalsekret\u00e4r verspricht Ukraine Wiederaufbau-Hilfe +++"},"content":{"rendered":"<p>            \t01.07.2025<\/p>\n<p>                    Ukraine-Krieg im Liveticker<br \/>\n                +++ 03:44 UN-Generalsekret\u00e4r verspricht Ukraine Wiederaufbau-Hilfe +++<\/p>\n<p>UN-Generalsekret\u00e4r Ant\u00f3nio Guterres hat der von Russland angegriffenen Ukraine Unterst\u00fctzung bei einem m\u00f6glichen Wiederaufbau zugesagt. Guterres habe bei einem Gespr\u00e4ch mit dem ukrainischen Regierungschef Denys Schmyhal auf die Verpflichtung der Vereinten Nationen hingewiesen, die Bem\u00fchungen der ukrainischen Regierung zur Bew\u00e4ltigung der humanit\u00e4ren, Wiederaufbau- und Sanierungsbed\u00fcrfnisse zu unterst\u00fctzen, teilt sein Sprecher mit. Beide hatten sich bei der vierten UN-Konferenz f\u00fcr Entwicklungsfinanzierung im s\u00fcdspanischen Sevilla getroffen. Guterres habe zudem betont, wie wichtig es sei, eine vollst\u00e4ndige, sofortige und bedingungslose Waffenruhe in der Ukraine zu erreichen. <\/p>\n<p><b>+++ 02:46 Aufr\u00fcstung gegen Russland: D\u00e4nemark \u00fcbernimmt EU-Ratsvorsitz +++<\/b><br \/>D\u00e4nemark hat den alle sechs Monate rotierenden Vorsitz im Rat der EU \u00fcbernommen. Deutschlands Nachbar im Norden tritt damit turnusm\u00e4\u00dfig die Nachfolge von Polen an, das den Ratsvorsitz in der ersten Jahresh\u00e4lfte innehatte. D\u00e4nische Regierungsvertreter werden damit bis zum Jahresende zahlreiche Ministertreffen leiten und als Vermittler bei Meinungsverschiedenheiten zwischen den 27 EU-Staaten auftreten. Dabei geht es vor allem darum, einen m\u00f6glichst reibungslosen Ablauf der EU-Gesetzgebungsverfahren zu garantieren. Thematisch wollen sich die D\u00e4nen unter dem Motto &#8222;Ein starkes Europa in einer sich ver\u00e4ndernden Welt&#8220; insbesondere f\u00fcr die gemeinsame Aufr\u00fcstung gegen Russland und f\u00fcr mehr Wettbewerbsf\u00e4higkeit in der EU einsetzen.<\/p>\n<p><b>+++ 01:46 Union warnt SPD vor Abkehr von Pistorius&#8216; Wehrdienstmodell +++<\/b><br \/>Die Union hat die SPD von Verteidigungsminister Boris Pistorius davor gewarnt, das im Koalitionsvertrag beschriebene k\u00fcnftige Wehrdienstmodell mit Pflichtoption bei einem Mangel an Freiwilligen infrage zu stellen. &#8222;Es ist uns allen klar: wenn der Aufwuchs auf Basis von Freiwilligkeit nicht erreicht werden kann, m\u00fcssen automatisch verpflichtende Ma\u00dfnahmen greifen&#8220;, sagt der verteidigungspolitische Sprecher der Unionsfraktion, Thomas Erndl, dem Redaktionsnetzwerk Deutschland (RND). Mit Blick auf den Kompromiss von Pistorius und den Jusos auf dem SPD-Parteitag am Wochenende mahnt er: &#8222;Es geht hier nicht um parteitaktische oder ideologische Fragestellungen, sondern um die Sicherheit Deutschlands und seiner Verb\u00fcndeten.&#8220;<\/p>\n<p><b>+++ 00:34 Russische Beh\u00f6rden: Eine Tote und zwei Verletzte nach Raketenschlag in Donezk +++<\/b><br \/>In der von russischen Truppen besetzten ostukrainischen Gro\u00dfstadt Donezk ist nach Beh\u00f6rdenangaben eine Frau durch einen Raketenschlag ums Leben gekommen. Zwei weitere Personen, darunter ein Minderj\u00e4hriger, seien bei dem ukrainischen Angriff verletzt worden, sagt der Moskauer Statthalter der Region, Denis Puschilin, der staatlichen Nachrichtenagentur Tass. Die Besatzungsbeh\u00f6rden meldeten, der Angriff sei mit Raketen des Typs Storm Shadow erfolgt. Eine Best\u00e4tigung aus Kiew gibt es daf\u00fcr nicht.<\/p>\n<p><b>+++ 22:58 Moskaus Statthalter meldet vollst\u00e4ndige Einnahme von Luhansk +++<\/b><br \/>Russland hat nach Angaben der Besatzungsbeh\u00f6rden die ostukrainische Region Luhansk vollst\u00e4ndig erobert. Der Bericht \u00fcber die vollst\u00e4ndige Eroberung sei vor zwei Tagen gekommen, sagt der von Moskau eingesetzte Statthalter der Region, Leonid Passetschnik, im russischen Staatsfernsehen. Bislang gibt es daf\u00fcr keine Best\u00e4tigung aus Kiew. Auch das Verteidigungsministerium in Moskau hat die vollst\u00e4ndige Besetzung des Gebiets Luhansk bislang nicht gemeldet. In der Vergangenheit kam die offizielle Best\u00e4tigung aus Moskau aber meist kurz nach den Erfolgsmeldungen der \u00f6rtlichen Besatzungsbeh\u00f6rden.<\/p>\n<p><b>+++ 21:58 Selenskyj dankt Deutschland f\u00fcr Hilfe bei Flugabwehr +++<\/b><br \/>Der ukrainische Pr\u00e4sident Wolodymyr Selenskyj hat Deutschland f\u00fcr die Hilfe speziell bei der St\u00e4rkung der eigenen Flugabwehr gedankt. Wichtig sei es nun, bei der gemeinsamen Waffenproduktion voranzukommen, sagt er in seiner abendlichen Videobotschaft. &#8222;Eins der Ziele besteht darin, in die Systemproduktion von Flugabwehrkomplexen einzusteigen &#8211; dies ist eine strategische Aufgabe&#8220;, f\u00fchrt er weiter aus. Selenskyj erinnert angesichts des Besuchs von Au\u00dfenminister Johann Wadephul in Kiew auch an die politische Unterst\u00fctzung aus Berlin. Deutschland betrachte den Weg der Ukraine in die Nato als unumkehrbar, sagt er. Kiew sieht die Milit\u00e4rallianz als wichtige Garantie seiner eigenen Sicherheit, w\u00e4hrend Moskau die Invasion des Nachbarlands auch mit dessen Nato-Beitrittswunsch begr\u00fcndet hatte. Zuletzt hatte US-Pr\u00e4sident Donald Trump den Nato-Beitritt der Ukraine als irreal abgetan.<\/p>\n<p><b>+++ 21:27 Ausbildung von Ukraine-Soldaten: Bundeswehr erh\u00e4lt &#8222;euphorische R\u00fcckmeldungen&#8220; +++<\/b><br \/>Deutschland unterst\u00fctzt die Ukraine seit Beginn der russischen Invasion mit Waffen, Hilfsg\u00fctern und eigenem Know-how. Generalleutnant Andreas Marlow erkl\u00e4rt, wie die Ausbildung der ukrainischen Einsatztruppen lief &#8211; und auf welchem Gebiet Deutschland mehr von der Ukraine lernen kann, als andersherum.<\/p>\n<p>Alle fr\u00fcheren Entwicklungen k\u00f6nnen Sie<a href=\"https:\/\/www.n-tv.de\/politik\/23-50-Russische-Kulturministerin-lobt-Zusammenarbeit-mit-Nordkorea--article25866505.html\" rel=\"Follow noopener\" target=\"_self\"> <\/a><a href=\"https:\/\/www.n-tv.de\/politik\/21-27-Ausbildung-von-Ukraine-Soldaten-Bundeswehr-erhaelt-euphorische-Rueckmeldungen--article25869887.html\" rel=\"Follow noopener\" target=\"_self\">hier nachverfolgen.<\/a><\/p>\n","protected":false},"excerpt":{"rendered":"01.07.2025 Ukraine-Krieg im Liveticker +++ 03:44 UN-Generalsekret\u00e4r verspricht Ukraine Wiederaufbau-Hilfe +++ UN-Generalsekret\u00e4r Ant\u00f3nio Guterres hat der von Russland&hellip;\n","protected":false},"author":2,"featured_media":148457,"comment_status":"","ping_status":"","sticky":false,"template":"","format":"standard","meta":{"footnotes":""},"categories":[4012],"tags":[331,332,661,7225,13,929,7226,451,3286,14,1159,15,16,307,12,317,3081,306,107],"class_list":{"0":"post-232661","1":"post","2":"type-post","3":"status-publish","4":"format-standard","5":"has-post-thumbnail","7":"category-ukraine","8":"tag-aktuelle-nachrichten","9":"tag-aktuelle-news","10":"tag-angriff-auf-die-ukraine","11":"tag-cyberwar","12":"tag-headlines","13":"tag-kriege-und-konflikte","14":"tag-kriegsverbrechen","15":"tag-militaer","16":"tag-militaereinsaetze","17":"tag-nachrichten","18":"tag-nato","19":"tag-news","20":"tag-politik","21":"tag-russland","22":"tag-schlagzeilen","23":"tag-ukraine","24":"tag-ukraine-konflikt","25":"tag-wladimir-putin","26":"tag-wolodymyr-selenskyj"},"share_on_mastodon":{"url":"https:\/\/pubeurope.com\/@de\/114775617947543673","error":""},"_links":{"self":[{"href":"https:\/\/www.europesays.com\/de\/wp-json\/wp\/v2\/posts\/232661","targetHints":{"allow":["GET"]}}],"collection":[{"href":"https:\/\/www.europesays.com\/de\/wp-json\/wp\/v2\/posts"}],"about":[{"href":"https:\/\/www.europesays.com\/de\/wp-json\/wp\/v2\/types\/post"}],"author":[{"embeddable":true,"href":"https:\/\/www.europesays.com\/de\/wp-json\/wp\/v2\/users\/2"}],"replies":[{"embeddable":true,"href":"https:\/\/www.europesays.com\/de\/wp-json\/wp\/v2\/comments?post=232661"}],"version-history":[{"count":0,"href":"https:\/\/www.europesays.com\/de\/wp-json\/wp\/v2\/posts\/232661\/revisions"}],"wp:featuredmedia":[{"embeddable":true,"href":"https:\/\/www.europesays.com\/de\/wp-json\/wp\/v2\/media\/148457"}],"wp:attachment":[{"href":"https:\/\/www.europesays.com\/de\/wp-json\/wp\/v2\/media?parent=232661"}],"wp:term":[{"taxonomy":"category","embeddable":true,"href":"https:\/\/www.europesays.com\/de\/wp-json\/wp\/v2\/categories?post=232661"},{"taxonomy":"post_tag","embeddable":true,"href":"https:\/\/www.europesays.com\/de\/wp-json\/wp\/v2\/tags?post=232661"}],"curies":[{"name":"wp","href":"https:\/\/api.w.org\/{rel}","templated":true}]}}