{"id":232711,"date":"2025-07-01T02:58:17","date_gmt":"2025-07-01T02:58:17","guid":{"rendered":"https:\/\/www.europesays.com\/de\/232711\/"},"modified":"2025-07-01T02:58:17","modified_gmt":"2025-07-01T02:58:17","slug":"poker-um-vfb-stuermer-das-seltsame-spiel-des-herrn-eberl-im-fall-woltemade","status":"publish","type":"post","link":"https:\/\/www.europesays.com\/de\/232711\/","title":{"rendered":"Poker um VfB-St\u00fcrmer: Das seltsame Spiel des Herrn Eberl im Fall Woltemade"},"content":{"rendered":"<p>\t\t\t\t\t\t\t\t\t\t\t\t\t\t\t\t\t\t\t\t\t\t\t\t\t\t\t\t      \t\t            \t\t             \t\t\t\t   \t\t\t\t\t   <img decoding=\"async\" id=\"article-image\" fetchpriority=\"high\" alt=\"Poker um VfB-St\u00fcrmer: Das seltsame Spiel des Herrn Eberl im Fall Woltemade\" title=\"Poker um VfB-St\u00fcrmer: Das seltsame Spiel des Herrn Eberl im Fall Woltemade\" src=\"https:\/\/www.europesays.com\/de\/wp-content\/uploads\/2025\/07\/media.media.39b6b13e-4345-4640-b48b-92ff089712ff.16x9_700.jpg\" data-linkto=\"https:\/\/www.stuttgarter-nachrichten.de\/javascript:void(0);\"\/>\t\t\t\t\t\t\t\t\t\t\t\t\t\t\t\t\t\t\t\t\t\t\t\tNick Woltemade (links) zieht es zum FC Bayern \u2013 wo Max Eberl als Sportvorstand das Sagen hat.\u00a0Foto: Robert Nemeti\/dpa\t\t\t<\/p>\n<p>Der M\u00fcnchner Sportchef spricht \u00fcber seinen Wunschtransfer. Und nach den Einlassungen zum VfB-St\u00fcrmer m\u00fcssten sich die Stuttgarter wie im falschen Film f\u00fchlen.<\/p>\n<p>Sehen wir es einfach mal mit anderen Augen. Um es besser zu verstehen. Man stelle sich also vor, Real Madrid w\u00fcrde sich an einen jungen, aufstrebenden Fu\u00dfballprofi des FC Bayern heranmachen. Hinter dem R\u00fccken der M\u00fcnchner nat\u00fcrlich. Was weder den Statuten noch dem traditionellen Gesch\u00e4ftsgebaren entsprechen w\u00fcrde. Doch diese Nebens\u00e4chlichkeit l\u00e4sst sich beiseiteschieben, und sagen wir, es w\u00e4re Michael Olise, der gerade eine \u00fcberragende Halbsaison gespielt h\u00e4tte. Pl\u00f6tzlich tr\u00e4fe einen dann auf den Internet- und Printseiten von den Real-nahen Sportzeitungen \u201eMarca\u201c und \u201eAs\u201c die Schlagzeile: \u201eHammer-<a href=\"https:\/\/www.stuttgarter-nachrichten.de\/inhalt.vfb-stuttgart-transfermarkt-alle-news-zu-vfb-transfers.e0ce0925-f187-44e9-8fe6-4d9c992d4fe2.html\" target=\"_blank\" rel=\"noopener\">Transfer<\/a>! Real ist sich mit Olise einig.\u201c<\/p>\n","protected":false},"excerpt":{"rendered":"Nick Woltemade (links) zieht es zum FC Bayern \u2013 wo Max Eberl als Sportvorstand das Sagen hat.\u00a0Foto: Robert&hellip;\n","protected":false},"author":2,"featured_media":232712,"comment_status":"","ping_status":"","sticky":false,"template":"","format":"standard","meta":{"footnotes":""},"categories":[1830],"tags":[36673,1634,299,14965,3364,29,458,30,1441,3127,4649,2915],"class_list":{"0":"post-232711","1":"post","2":"type-post","3":"status-publish","4":"format-standard","5":"has-post-thumbnail","7":"category-stuttgart","8":"tag-abloesesumme","9":"tag-baden-wuerttemberg","10":"tag-bundesliga","11":"tag-club-wm","12":"tag-de","13":"tag-deutschland","14":"tag-fc-bayern-muenchen","15":"tag-germany","16":"tag-stuttgart","17":"tag-transfer","18":"tag-umfrage","19":"tag-vfb-stuttgart"},"share_on_mastodon":{"url":"https:\/\/pubeurope.com\/@de\/114775739851515652","error":""},"_links":{"self":[{"href":"https:\/\/www.europesays.com\/de\/wp-json\/wp\/v2\/posts\/232711","targetHints":{"allow":["GET"]}}],"collection":[{"href":"https:\/\/www.europesays.com\/de\/wp-json\/wp\/v2\/posts"}],"about":[{"href":"https:\/\/www.europesays.com\/de\/wp-json\/wp\/v2\/types\/post"}],"author":[{"embeddable":true,"href":"https:\/\/www.europesays.com\/de\/wp-json\/wp\/v2\/users\/2"}],"replies":[{"embeddable":true,"href":"https:\/\/www.europesays.com\/de\/wp-json\/wp\/v2\/comments?post=232711"}],"version-history":[{"count":0,"href":"https:\/\/www.europesays.com\/de\/wp-json\/wp\/v2\/posts\/232711\/revisions"}],"wp:featuredmedia":[{"embeddable":true,"href":"https:\/\/www.europesays.com\/de\/wp-json\/wp\/v2\/media\/232712"}],"wp:attachment":[{"href":"https:\/\/www.europesays.com\/de\/wp-json\/wp\/v2\/media?parent=232711"}],"wp:term":[{"taxonomy":"category","embeddable":true,"href":"https:\/\/www.europesays.com\/de\/wp-json\/wp\/v2\/categories?post=232711"},{"taxonomy":"post_tag","embeddable":true,"href":"https:\/\/www.europesays.com\/de\/wp-json\/wp\/v2\/tags?post=232711"}],"curies":[{"name":"wp","href":"https:\/\/api.w.org\/{rel}","templated":true}]}}