{"id":233037,"date":"2025-07-01T05:56:10","date_gmt":"2025-07-01T05:56:10","guid":{"rendered":"https:\/\/www.europesays.com\/de\/233037\/"},"modified":"2025-07-01T05:56:10","modified_gmt":"2025-07-01T05:56:10","slug":"rezension-der-luegnerknoten-trekzone-network","status":"publish","type":"post","link":"https:\/\/www.europesays.com\/de\/233037\/","title":{"rendered":"Rezension: &#8222;Der L\u00fcgnerknoten&#8220; &#8211; TrekZone Network"},"content":{"rendered":"<p>Der zweite Teil des zweiten Bandes endlich auf Deutsch.<\/p>\n<p>Inhalt (Klappentext)<\/p>\n<p>Auch als offizielles Mitglied von Haus Traementis lebt Hochstaplerin Ren weiter mit der Gefahr, dass ihr L\u00fcgengeflecht aufgedeckt werden und ihre wahre Herkunft ans Licht kommen k\u00f6nnte. Wie weit wird sie gehen, um sich zu sch\u00fctzen, und wem kann sie wirklich vertrauen? Derweil taucht ein weiteres Medaillon aus der Amtskette des Tyrannen Kaius Rex auf und erregt die Aufmerksamkeit des Raben. Die Macht dieser numinatrischen Medaillons ist unvergleichlich, und sie d\u00fcrfen auf gar keinen Fall in die falschen H\u00e4nde geraten oder gar wieder vereint werden \u2013 inzwischen sind jedoch gleich mehrere Parteien hinter ihnen her, und manche schrecken vor nichts zur\u00fcck. Nach und nach werden immer mehr Geheimnisse gel\u00fcftet, Beziehungen \u00fcberdacht und B\u00fcndnisse geschmiedet. Um eine schreckliche Katastrophe zu verhindern, finden sich einstige Feinde pl\u00f6tzlich auf derselben Seite wieder \u2026<\/p>\n<p>Kritik<\/p>\n<p>Musste man beim ersten Buch nur zwei Wochen auf die Fortsetzung warten, gingen nun beim zweiten Band (also eigentlich beim vierten, die deutschen B\u00fccher werden ja immer auf zwei B\u00e4nde aufgeteilt) nun einige Monate ins Land. Nun liegt aber endlich der zweite Teil des zweiten Buches vor, und hat mit einem Preis von 22 Euro f\u00fcr gerade einmal 350 Seiten auch gleich die n\u00e4chste bittere Pille parat. \u00dcber Sinn und Unsinn, ein Buch in mehrere B\u00e4nde aufzusplitten, habe ich mich ja bereits in den Reviews zu den ersten beiden B\u00e4nden ausgelassen, daher sparen wir uns das an dieser Stelle.<\/p>\n<p>Hinzu kommt, dass die B\u00fccher f\u00fcnf und sechs (im Original das dritte Buch) in der Vorschau bzw. geplanten Ver\u00f6ffentlichung bei Amazon nicht mehr zu finden sind. Ob sie noch kommen oder ob es sich dabei um einen Fehler handelt? Schwer zu sagen. Immerhin gibt es aber am Ende des Romans noch eine Leseprobe aus dem f\u00fcnften (dritten) Buch, was eigentlich daf\u00fcr spricht, dass es noch kommt. Aber darauf gehen wir gleich noch im Detail ein.<\/p>\n<p>Dass es nun so lange gedauert hat, ist zwar auf der einen Seite \u00e4rgerlich, auf der anderen ist man aber recht schnell wieder im Geschehen drin, was erneut an den super geschriebenen Charakteren liegt. Wir erinnern uns: Grey hat ja im Kampf gegen die b\u00f6sen Praeteri einen Fluch abbekommen, und es ist ausgerechnet Vargo, der ihn rettet. Wenn man bei den Charakteren in einem Buch am liebsten in die Geschichte reinschreien m\u00f6chte, um die Charaktere daran zu hindern, sehenden Auges in Fallen zu laufen, dann spricht das ja f\u00fcr sie bzw. die Geschichte. Und nat\u00fcrlich steht ja das kl\u00e4rende Gespr\u00e4ch zwischen Vargo und Ren nach deren Missverst\u00e4ndnis noch aus, immerhin hat das ja einen Gro\u00dfteil des dritten Bandes dominiert.<\/p>\n<p>Das kommt aber erstmal nicht, sondern zun\u00e4chst die Kl\u00e4rung zwischen Ren und Grey, die zwar auch wichtig ist, aber vermutlich den Lesern nicht so unter den N\u00e4geln brennt. 69 Seiten vergehen, bis es zu eben jenem Gespr\u00e4ch mit Vargo kommt, auf das wir alle gewartet haben und endlich endlich arbeiten alle drei Helden zusammen und erweisen sich als extrem starkes Dreamteam in ihrem Kampf gegen die M\u00e4chte, welche die Stadt st\u00fcrzen wollen. Dabei stehen aber nat\u00fcrlich nicht nur unsere Helden im Vordergrund, sondern auch die vielen Nebencharaktere bekommen, mal mehr, mal weniger, Raum, um zu gl\u00e4nzen. Man merkt einfach, dass hier alles routiniert ineinander greift, um eine stimmige Welt zu erschaffen, die einen mit der Geschichte wieder schnell in ihren Bann zieht. Jeder der Charaktere erh\u00e4lt zudem in der Geschichte eine Weiterentwicklung.<\/p>\n<p>Allenfalls die B\u00f6sewichte bleiben vielleicht einen Ticken zu blass, das ist aber an dieser Stelle zu entschuldigen. Wenn man dem Band M\u00e4ngel vorwerfen kann, dann h\u00f6chstens, das manche Entwicklungen nicht richtig gezeigt, sondern in kurzen S\u00e4tzen abgehandelt werden. Da ist etwa die Entf\u00fchrung von Tess oder die Vorbereitung zum Finale, die alle etwas schnell \u00fcber die B\u00fchne gehen und bei denen man wenige S\u00e4tze sp\u00e4ter bereits mittendrin ist im Geschehen. Immerhin, das Finale ist dann durchaus wieder detailliert geschrieben und besagte Entf\u00fchrung endet mal auf lustige, andere Art, als man es erwarten k\u00f6nnte \u2013 das hat auch alles irgendwie was.<\/p>\n<p>Wie bereits erw\u00e4hnt, gibt es am Ende der Geschichte noch eine f\u00fcnfseitige Leseprobe aus Band 5, die hoffentlich darauf hinweist, dass eben dieser noch kommen wird. Im Grunde endet die Geschichte hier, wenn auch etwas abrupt, so aber zu einem Gro\u00dfteil abgeschlossen. Klar, es gibt noch ein paar offene Fragen und nicht alle Bedrohungen sind beseitigt. Da es sich bei den B\u00f6sewichtern, wie schon in Band 1 (pardon, Band 1 und 2), aber quasi um One-Time-B\u00f6sewichte handelt, ist die \u00fcbergeordnete Bedrohung erstmal abgehakt und in Teil 3 kann der n\u00e4chste kommen. Wer sich an meine Reviews der ersten zwei Romane erinnert: Damals habe ich bereits gesagt, dass es, bei Rens L\u00fcgengespinst, nicht verwunderlich ist, wenn irgendwann die \u201cechte\u201d Mutter auftaucht, um sie zu entlarven. Das hatte ich eigentlich als Cliffhanger f\u00fcr diesen (vierten) Band erwartet. Soweit kam es dann zwar doch nicht, liest man die f\u00fcnf Seiten Leseprobe aus Band 5 durch, so kommt es aber hier im letzten Satz zu besagtem Muttereinsatz. Ich hatte also nicht v\u00f6llig unrecht ;).<\/p>\n","protected":false},"excerpt":{"rendered":"Der zweite Teil des zweiten Bandes endlich auf Deutsch. Inhalt (Klappentext) Auch als offizielles Mitglied von Haus Traementis&hellip;\n","protected":false},"author":2,"featured_media":233038,"comment_status":"","ping_status":"","sticky":false,"template":"","format":"standard","meta":{"footnotes":""},"categories":[1774],"tags":[1784,1785,29,214,30,215],"class_list":{"0":"post-233037","1":"post","2":"type-post","3":"status-publish","4":"format-standard","5":"has-post-thumbnail","7":"category-buecher","8":"tag-books","9":"tag-buecher","10":"tag-deutschland","11":"tag-entertainment","12":"tag-germany","13":"tag-unterhaltung"},"share_on_mastodon":{"url":"https:\/\/pubeurope.com\/@de\/114776439838354783","error":""},"_links":{"self":[{"href":"https:\/\/www.europesays.com\/de\/wp-json\/wp\/v2\/posts\/233037","targetHints":{"allow":["GET"]}}],"collection":[{"href":"https:\/\/www.europesays.com\/de\/wp-json\/wp\/v2\/posts"}],"about":[{"href":"https:\/\/www.europesays.com\/de\/wp-json\/wp\/v2\/types\/post"}],"author":[{"embeddable":true,"href":"https:\/\/www.europesays.com\/de\/wp-json\/wp\/v2\/users\/2"}],"replies":[{"embeddable":true,"href":"https:\/\/www.europesays.com\/de\/wp-json\/wp\/v2\/comments?post=233037"}],"version-history":[{"count":0,"href":"https:\/\/www.europesays.com\/de\/wp-json\/wp\/v2\/posts\/233037\/revisions"}],"wp:featuredmedia":[{"embeddable":true,"href":"https:\/\/www.europesays.com\/de\/wp-json\/wp\/v2\/media\/233038"}],"wp:attachment":[{"href":"https:\/\/www.europesays.com\/de\/wp-json\/wp\/v2\/media?parent=233037"}],"wp:term":[{"taxonomy":"category","embeddable":true,"href":"https:\/\/www.europesays.com\/de\/wp-json\/wp\/v2\/categories?post=233037"},{"taxonomy":"post_tag","embeddable":true,"href":"https:\/\/www.europesays.com\/de\/wp-json\/wp\/v2\/tags?post=233037"}],"curies":[{"name":"wp","href":"https:\/\/api.w.org\/{rel}","templated":true}]}}