{"id":233332,"date":"2025-07-01T08:42:11","date_gmt":"2025-07-01T08:42:11","guid":{"rendered":"https:\/\/www.europesays.com\/de\/233332\/"},"modified":"2025-07-01T08:42:11","modified_gmt":"2025-07-01T08:42:11","slug":"fc-bayern-erwaegt-transfer-von-liverpool-star-luis-diaz","status":"publish","type":"post","link":"https:\/\/www.europesays.com\/de\/233332\/","title":{"rendered":"FC Bayern erw\u00e4gt Transfer von Liverpool-Star Luis D\u00edaz"},"content":{"rendered":"<p>Neuer Name auf der Liste <\/p>\n<p>FC Bayern besch\u00e4ftigt sich offenbar mit Liverpool-Star<\/p>\n<p>01.07.2025 &#8211; 09:04 UhrLesedauer: 1 Min.<\/p>\n<p><a href=\"#focus-0\" class=\"transition-colors duration-200 focus-within:text-magenta block text-current relative\" data-sctrack=\"FocusGalleryImage.Reference\"><img fetchpriority=\"high\" data-testid=\"Opener.Image\" style=\"--lqipURL:url('https:\/\/images.t-online.de\/2025\/07\/fBLhkNVsOs7z\/0x63:3628x2041\/fit-in\/150x0\/filters:blur(25)\/liverpool-fc-v-paris-saint-germain-f-c-luis-diaz-of-liverpool-during-the-liverpool-fc-v-paris-saint-germain-f-c-uefa-champions-league-round-of-16-2nd-leg-match-at-anfield-liverpool-england-united-kingdom-on-11-march-2025-credit-jake-kirkman-every-second-media-editorial-use-only-all-images-are-copyright-every-second-media-limited-no-images-may-be-reproduced-without-prior-permission-copyright-ximago-everyxsecondxmediax-esm-1361-0068-jakexkirkmanx-xeveryxsecondxmedix.jpg')\"   loading=\"eager\" src=\"https:\/\/www.europesays.com\/de\/wp-content\/uploads\/2025\/07\/liverpool-fc-v-paris-saint-germain-f-c-luis-diaz-of-liverpool-during-the-liverpool-fc-v-paris-saint-.jpeg\" alt=\"imago images 1059786385\" title=\"imago images 1059786385\" width=\"3628\" height=\"2041\" class=\"bg-[url:var(--lqipURL)] bg-cover bg-center flex h-full w-full max-w-full\" decoding=\"async\"\/><img style=\"--width:32;--height:32\" loading=\"lazy\" src=\"https:\/\/www.t-online.de\/s\/paper\/_next\/static\/media\/zoom-in.f7dae02f.svg\" alt=\"Vergr\u00f6\u00dfern des Bildes\" title=\"Vergr\u00f6\u00dfern des Bildes\" class=\"block h-[calc(var(--height)_\/_16_*_1rem)] w-[calc(var(--width)_\/_16_*_1rem)] max-w-none absolute bottom-8 right-8 rounded-4 bg-snow p-8\" decoding=\"async\"\/><\/a><\/p>\n<p>Luis D\u00edaz: Der kolumbianische Nationalspieler steht seit 2022 in Liverpool unter Vertrag. (Quelle: IMAGO\/imago)<\/p>\n<p class=\"font-bold text-18 leading-17\">Der FC Bayern fahndet nach Verst\u00e4rkungen im Offensivbereich. Jetzt haben die M\u00fcnchner einen Profi aus der Premier League in den Blick genommen.<\/p>\n<p class=\"text-18 leading-17\">Die Kaderplanung beim <a class=\"transition-colors duration-200 cursor-pointer text-inherit no-underline text-salemsfur md:hover:text-magenta md:hover:border-magenta md:focus:text-magenta border-current border-b border-solid break-words\" href=\"https:\/\/www.t-online.de\/themen\/fc-bayern-muenchen\/\" data-sctrack=\"BodyAnchor\" target=\"_blank\" rel=\"noopener\">FC Bayern<\/a> l\u00e4uft auf Hochtouren \u2013 vor allem auf der linken Au\u00dfenbahn sucht der Klub weiter nach Verst\u00e4rkung. Nun r\u00fcckt offenbar ein neuer Name in den Fokus.<\/p>\n<p class=\"text-18 leading-17\">Wie der Pay-TV-Sender berichtet, besch\u00e4ftigt sich der deutsche Rekordmeister inzwischen auch mit Luis D\u00edaz vom <a class=\"transition-colors duration-200 cursor-pointer text-inherit no-underline text-salemsfur md:hover:text-magenta md:hover:border-magenta md:focus:text-magenta border-current border-b border-solid break-words\" href=\"https:\/\/www.t-online.de\/themen\/fc-liverpool\/\" data-sctrack=\"BodyAnchor\" target=\"_blank\" rel=\"noopener\">FC Liverpool<\/a>. Der 28-j\u00e4hrige Kolumbianer steht noch bis 2027 unter Vertrag, gilt an der S\u00e4bener Stra\u00dfe aber als spannendes Profil. Auch <a class=\"transition-colors duration-200 cursor-pointer text-inherit no-underline text-salemsfur md:hover:text-magenta md:hover:border-magenta md:focus:text-magenta border-current border-b border-solid break-words\" href=\"https:\/\/www.t-online.de\/themen\/uli-hoeness\/\" data-sctrack=\"BodyAnchor\" target=\"_blank\" rel=\"noopener\">Uli Hoene\u00df<\/a> und <a class=\"transition-colors duration-200 cursor-pointer text-inherit no-underline text-salemsfur md:hover:text-magenta md:hover:border-magenta md:focus:text-magenta border-current border-b border-solid break-words\" href=\"https:\/\/www.t-online.de\/themen\/karl-heinz-rummenigge\/\" data-sctrack=\"BodyAnchor\" target=\"_blank\" rel=\"noopener\">Karl-Heinz Rummenigge<\/a> sollen laut dem Bericht vom Offensivakteur \u00fcberzeugt sein.<\/p>\n<p class=\"text-18 leading-17\">Liverpool zeige sich offen f\u00fcr einen Transfer \u2013 sofern die Abl\u00f6se stimmt, hei\u00dft es. Einen Austausch zwischen den Klubs soll es bislang aber nicht gegeben haben. Die &#8222;Reds&#8220; suchen derweil bereits nach m\u00f6glichen Nachfolgern f\u00fcr den Fl\u00fcgelspieler, dessen aktueller Marktwert auf 70 Millionen Euro taxiert ist.<\/p>\n<p class=\"text-18 leading-17\">Zuvor waren bei den Bayern unter anderem Bradley Barcola, Nico Williams, Cody Gakpo und Kaoru Mitoma f\u00fcr die Fl\u00fcgelposition im Gespr\u00e4ch gewesen. Doch die Spieler sind laut Sky aktuell nicht zu bekommen.<\/p>\n<p class=\"text-18 leading-17\">Im Fall von Nico Williams lauert der Klub aber weiterhin auf seine Chance. Der Europameister will zum <a class=\"transition-colors duration-200 cursor-pointer text-inherit no-underline text-salemsfur md:hover:text-magenta md:hover:border-magenta md:focus:text-magenta border-current border-b border-solid break-words\" href=\"https:\/\/www.t-online.de\/themen\/fc-barcelona\/\" data-sctrack=\"BodyAnchor\" target=\"_blank\" rel=\"noopener\">FC Barcelona<\/a> wechseln. Denn: Wom\u00f6glich k\u00f6nnen die Katalanen den 22-J\u00e4hrigen mit Blick auf die Financial-Fairplay-Regelung oder bei einer fehlenden Einigung mit <a class=\"transition-colors duration-200 cursor-pointer text-inherit no-underline text-salemsfur md:hover:text-magenta md:hover:border-magenta md:focus:text-magenta border-current border-b border-solid break-words\" href=\"https:\/\/www.t-online.de\/themen\/athletic-bilbao\/\" data-sctrack=\"BodyAnchor\" target=\"_blank\" rel=\"noopener\">Athletic Bilbao<\/a> gar nicht verpflichten.<\/p>\n","protected":false},"excerpt":{"rendered":"Neuer Name auf der Liste FC Bayern besch\u00e4ftigt sich offenbar mit Liverpool-Star 01.07.2025 &#8211; 09:04 UhrLesedauer: 1 Min.&hellip;\n","protected":false},"author":2,"featured_media":233333,"comment_status":"","ping_status":"","sticky":false,"template":"","format":"standard","meta":{"footnotes":""},"categories":[136],"tags":[722,29,458,954,30,11435,23456,73410,57537,957,265,2182],"class_list":{"0":"post-233332","1":"post","2":"type-post","3":"status-publish","4":"format-standard","5":"has-post-thumbnail","7":"category-sport","8":"tag-722","9":"tag-deutschland","10":"tag-fc-bayern-muenchen","11":"tag-fc-liverpool","12":"tag-germany","13":"tag-karl-heinz-rummenigge","14":"tag-liverpool","15":"tag-luis-diaz","16":"tag-nico-williams","17":"tag-premier-league","18":"tag-sport","19":"tag-uli-hoeness"},"share_on_mastodon":{"url":"https:\/\/pubeurope.com\/@de\/114777092551640706","error":""},"_links":{"self":[{"href":"https:\/\/www.europesays.com\/de\/wp-json\/wp\/v2\/posts\/233332","targetHints":{"allow":["GET"]}}],"collection":[{"href":"https:\/\/www.europesays.com\/de\/wp-json\/wp\/v2\/posts"}],"about":[{"href":"https:\/\/www.europesays.com\/de\/wp-json\/wp\/v2\/types\/post"}],"author":[{"embeddable":true,"href":"https:\/\/www.europesays.com\/de\/wp-json\/wp\/v2\/users\/2"}],"replies":[{"embeddable":true,"href":"https:\/\/www.europesays.com\/de\/wp-json\/wp\/v2\/comments?post=233332"}],"version-history":[{"count":0,"href":"https:\/\/www.europesays.com\/de\/wp-json\/wp\/v2\/posts\/233332\/revisions"}],"wp:featuredmedia":[{"embeddable":true,"href":"https:\/\/www.europesays.com\/de\/wp-json\/wp\/v2\/media\/233333"}],"wp:attachment":[{"href":"https:\/\/www.europesays.com\/de\/wp-json\/wp\/v2\/media?parent=233332"}],"wp:term":[{"taxonomy":"category","embeddable":true,"href":"https:\/\/www.europesays.com\/de\/wp-json\/wp\/v2\/categories?post=233332"},{"taxonomy":"post_tag","embeddable":true,"href":"https:\/\/www.europesays.com\/de\/wp-json\/wp\/v2\/tags?post=233332"}],"curies":[{"name":"wp","href":"https:\/\/api.w.org\/{rel}","templated":true}]}}