{"id":233562,"date":"2025-07-01T10:50:10","date_gmt":"2025-07-01T10:50:10","guid":{"rendered":"https:\/\/www.europesays.com\/de\/233562\/"},"modified":"2025-07-01T10:50:10","modified_gmt":"2025-07-01T10:50:10","slug":"vor-45-000-fans-robbie-williams-entertaint-hannover","status":"publish","type":"post","link":"https:\/\/www.europesays.com\/de\/233562\/","title":{"rendered":"Vor 45.000 Fans: Robbie Williams \u201eentertaint\u201c Hannover"},"content":{"rendered":"<p>&#13;<\/p>\n<p>\u201eGuckt mich an, Robbie Williams ist zur\u00fcck in Stadien!\u201c, sagt Robbie Williams und grinst sein schelmischstes Grinsen. Im Rahmen seiner Europatour ist der 51-J\u00e4hrige Brite in der Heinz von Heiden Arena in Hannover zu Gast \u2013 und er hat sich Gro\u00dfes vorgenommen. \u201eIch glaube, dass Entertainment alles ist. Das Leben ist hart, die Welt ist verr\u00fcckt. Wir brauchen einen Ort, um all das hinter uns zu lassen. Das hier ist dieser Ort\u201c, sagt er. Und so wie Michael Jackson sich einst selbst zum \u201eKing of Pop\u201c ernannte, habe er entschieden, nun der \u201eKing of Entertainment\u201c zu sein, denn er wolle als gr\u00f6\u00dfter Entertainer der Welt in die Geschichte eingehen. Ein k\u00fchnes Versprechen, das Williams allerdings eindrucksvoll einzul\u00f6sen wei\u00df.<\/p>\n<p>    &#13;<br \/>\n    &#13;<\/p>\n","protected":false},"excerpt":{"rendered":"&#13; \u201eGuckt mich an, Robbie Williams ist zur\u00fcck in Stadien!\u201c, sagt Robbie Williams und grinst sein schelmischstes Grinsen.&hellip;\n","protected":false},"author":2,"featured_media":233563,"comment_status":"","ping_status":"","sticky":false,"template":"","format":"standard","meta":{"footnotes":""},"categories":[1836],"tags":[73475,3364,29,9892,30,46,1310,810,1411,13470],"class_list":{"0":"post-233562","1":"post","2":"type-post","3":"status-publish","4":"format-standard","5":"has-post-thumbnail","7":"category-hannover","8":"tag-britpop","9":"tag-de","10":"tag-deutschland","11":"tag-entertainer","12":"tag-germany","13":"tag-hannover","14":"tag-konzert","15":"tag-musik","16":"tag-niedersachsen","17":"tag-robbie-williams"},"share_on_mastodon":{"url":"https:\/\/pubeurope.com\/@de\/114777595860503627","error":""},"_links":{"self":[{"href":"https:\/\/www.europesays.com\/de\/wp-json\/wp\/v2\/posts\/233562","targetHints":{"allow":["GET"]}}],"collection":[{"href":"https:\/\/www.europesays.com\/de\/wp-json\/wp\/v2\/posts"}],"about":[{"href":"https:\/\/www.europesays.com\/de\/wp-json\/wp\/v2\/types\/post"}],"author":[{"embeddable":true,"href":"https:\/\/www.europesays.com\/de\/wp-json\/wp\/v2\/users\/2"}],"replies":[{"embeddable":true,"href":"https:\/\/www.europesays.com\/de\/wp-json\/wp\/v2\/comments?post=233562"}],"version-history":[{"count":0,"href":"https:\/\/www.europesays.com\/de\/wp-json\/wp\/v2\/posts\/233562\/revisions"}],"wp:featuredmedia":[{"embeddable":true,"href":"https:\/\/www.europesays.com\/de\/wp-json\/wp\/v2\/media\/233563"}],"wp:attachment":[{"href":"https:\/\/www.europesays.com\/de\/wp-json\/wp\/v2\/media?parent=233562"}],"wp:term":[{"taxonomy":"category","embeddable":true,"href":"https:\/\/www.europesays.com\/de\/wp-json\/wp\/v2\/categories?post=233562"},{"taxonomy":"post_tag","embeddable":true,"href":"https:\/\/www.europesays.com\/de\/wp-json\/wp\/v2\/tags?post=233562"}],"curies":[{"name":"wp","href":"https:\/\/api.w.org\/{rel}","templated":true}]}}