{"id":233621,"date":"2025-07-01T11:23:18","date_gmt":"2025-07-01T11:23:18","guid":{"rendered":"https:\/\/www.europesays.com\/de\/233621\/"},"modified":"2025-07-01T11:23:18","modified_gmt":"2025-07-01T11:23:18","slug":"ac-dc-legende-angus-young-in-berlin-der-kleine-grosse-mann-des-rock-unterhaltung","status":"publish","type":"post","link":"https:\/\/www.europesays.com\/de\/233621\/","title":{"rendered":"AC\/DC-Legende Angus Young in Berlin: Der kleine, gro\u00dfe Mann des Rock | Unterhaltung"},"content":{"rendered":"<p>Berlin \u2013 <b>F\u00fcr immer YOUNG. Nach zehn Jahren traten AC\/DC (\u201eHighway to Hell\u201c, \u201eThunderstruck\u201c) am Montag zum ersten Mal wieder in Berlin auf. Als das einzige noch verbliebene Gr\u00fcndungsmitglied der Kultband rockte Leadgitarrist Angus Young im Olympiastadion die B\u00fchne. Dabei zeigte er, dass er auch mit 70 noch voller Energie steckt. Beim Autogrammschreiben wirkte er aber eher l\u00e4ssig-unscheinbar.<\/b><\/p>\n<p>Auf der B\u00fchne begeisterte Young nicht nur mit seinem legend\u00e4ren Gitarrenspiel. Im Scheinwerferlicht gl\u00e4nzte er neben S\u00e4nger Brian Johnson (seit 1980 Leads\u00e4nger von AC\/DC) nat\u00fcrlich auch in seiner ikonischen Schuluniform \u2013 sein unverwechselbares Markenzeichen!<\/p>\n<p><img decoding=\"async\" width=\"992\" height=\"558\" alt=\"S\u00e4nger Brian Johnson (77, l.) rockt mit Leadgitarrist Angus Young das Olympiastation in Berlin\" src=\"https:\/\/www.europesays.com\/de\/wp-content\/uploads\/2025\/07\/5f4d40ae75ed7b6699fc5be48a581353,7353b80e\"   class=\"landscape\" loading=\"lazy\"\/><\/p>\n<p class=\"fig__caption__text\">S\u00e4nger Brian Johnson (77, l.) rockt mit Leadgitarrist Angus Young das Olympiastation in Berlin<\/p>\n<p>Foto:  Frank Hoensch\/Redferns<\/p>\n<p>Angus Young schreibt in Berlin flei\u00dfig Autogramme<\/p>\n<p>Viele Fans wollten aber nicht nur seine unverwechselbaren Gitarrenriffs h\u00f6ren, waren nat\u00fcrlich auch auf der Jagd nach einem Autogramm der Rock-Legende, die AC\/DC 1973 gemeinsam mit Bruder Malcolm Young (\u202064) gr\u00fcndete. F\u00fcr einige wurde der Traum wahr! <\/p>\n<p><img decoding=\"async\" width=\"992\" height=\"558\" alt=\"AC\/DC begeistern die Fans seit \u00fcber 50 Jahren \u2013  Angus Young war von Anfang an dabei. Die Fans im Berliner Olympiastadion feiern den heute 70-J\u00e4hrigen nach wie vor f\u00fcr seinen unverwechselbaren Gitarrenstil und seine B\u00fchnen-Action\" src=\"https:\/\/www.europesays.com\/de\/wp-content\/uploads\/2025\/07\/3e186eee043f28151380930ee66a2d3d,ddb3304c\"   class=\"landscape\" loading=\"lazy\"\/><\/p>\n<p class=\"fig__caption__text\">AC\/DC begeistern die Fans seit \u00fcber 50 Jahren \u2013 Angus Young ist von Anfang an dabei. Die Fans im Berliner Olympiastadion feiern den heute 70-J\u00e4hrigen nach wie vor f\u00fcr seinen unverwechselbaren Gitarrenstil und seine B\u00fchnen-Action<\/p>\n<p>Foto: ddp\/PIC ONE\/Ben Kriemann<\/p>\n<p>Wer am Montag vor dem Berliner Hotel de Rome, dem Luxushotel im Herzen <a href=\"https:\/\/www.bild.de\/regional\/berlin\/berlin-regional\/home-15823246.bild.html\" class=\"text-link\" rel=\"nofollow noopener\" target=\"_blank\">Berlins<\/a> am Bebelplatz, vorbeischlenderte, wunderte sich vielleicht, wer der kleine (1,57 m) \u00e4ltere Herr mit lichtem Haar war, der hier flei\u00dfig Autogramme gab. Es war der gro\u00dfe Angus Young!<\/p>\n<p><img decoding=\"async\" width=\"992\" height=\"641\" alt=\"Ohne sein ber\u00fchmtes B\u00fchnenoutfit gibt Angus Young in Berlin in Jeans und T-Shirt Autogramme\" src=\"https:\/\/www.europesays.com\/de\/wp-content\/uploads\/2025\/07\/50d18debb2eae42fc43463eac835e6c0,2b996fd8\"   class=\"dynamic\" loading=\"lazy\"\/><\/p>\n<p class=\"fig__caption__text\">Ohne sein ber\u00fchmtes B\u00fchnenoutfit gibt Angus Young in Berlin in Jeans und T-Shirt Autogramme<\/p>\n<p>Foto: ddp\/Geisler\/Matthias Wehnert<\/p>\n<p>Ganz leger zeigte sich die AC\/DC-Legende in Jeans, T-Shirt und Turnschuhen hinter einer Absperrung, vor der Fans warteten. Die erkannten Angus Young auch ohne kurze Hose, Sakko, Krawatte und Sch\u00fclerm\u00fctze. Strahlend lie\u00dfen sie sich ihre mitgebrachten AC\/DC-Souvenirs unterschreiben. Von Young gab\u2019s f\u00fcr so viel Fanliebe auch nach mittlerweile \u00fcber 50 Jahren AC\/DC-Kult den Daumen hoch!<\/p>\n<p><img decoding=\"async\" width=\"992\" height=\"1299\" alt=\"AC\/DC-Legende Angus Young freut sich \u00fcber die Fans, die ihn nach einem Autogramm fragen\" src=\"https:\/\/www.europesays.com\/de\/wp-content\/uploads\/2025\/07\/d286c525c945d55731eed4df1fbd1d7d,965da7d8\"   class=\"dynamic\" loading=\"lazy\"\/><\/p>\n<p class=\"fig__caption__text\">AC\/DC-Legende Angus Young freut sich \u00fcber die Fans, die ihn nach einem Autogramm fragen<\/p>\n<p>Foto: Geisler-Fotopress<\/p>\n<p>Auch seine Bandkollegen waren nach dem Hauptstadt-Auftritt selig. \u201eDu hast uns alles gegeben, was du hast, Berlin\u201c, schw\u00e4rmte AC\/DC auf Instagram \u2013 zu Konzertausschnitten mit dem rockenden Angus und gl\u00fccklich rockenden Fans. <\/p>\n<p>Die n\u00e4chsten Deutschland-Termine der \u201ePOWER UP\u201c-Tour von AC\/DC: 8. Juli in D\u00fcsseldorf, (Merkur Spiel-Arena) und 17. August in Karlsruhe (Messegel\u00e4nde)<\/p>\n<p> An dieser Stelle findest du Inhalte aus Instagram <\/p>\n<p> Um mit Inhalten aus Instagram und anderen sozialen Netzwerken zu interagieren oder diese darzustellen, brauchen wir deine Zustimmung. <\/p>\n<p> soziale Netzwerke aktivieren  Um eingebettete Inhalte anzuzeigen, ist Ihre jederzeit widerrufliche Einwilligung (\u00fcber den Schalter oder \u00fcber &#8220; <a class=\"embed-placeholder__text-link\" href=\"#\" rel=\"noopener noreferrer\" title=\"Tracking widerrufen\"> Widerruf Tracking und Cookies<\/a> &#8220; am Seitenende) zur Verarbeitung personenbezogener Daten n\u00f6tig.  Dabei k\u00f6nnen Daten in Drittl\u00e4nder wie die USA \u00fcbermittelt werden (Art. 49 Abs. 1 lit. a DSGVO). Mit dem Aktivieren des Inhalts stimmen Sie zu. Weitere Infos finden Sie <a class=\"embed-placeholder__text-link\" href=\"#\" rel=\"noopener noreferrer\" title=\"Zu den Privatsph\u00e4re Einstellungen\"> hier<\/a>. <\/p>\n","protected":false},"excerpt":{"rendered":"Berlin \u2013 F\u00fcr immer YOUNG. Nach zehn Jahren traten AC\/DC (\u201eHighway to Hell\u201c, \u201eThunderstruck\u201c) am Montag zum ersten&hellip;\n","protected":false},"author":2,"featured_media":233622,"comment_status":"","ping_status":"","sticky":false,"template":"","format":"standard","meta":{"footnotes":""},"categories":[1772],"tags":[1145,39050,296,29,214,30,1310,1779,810,4277,45,2992,215,73488],"class_list":{"0":"post-233621","1":"post","2":"type-post","3":"status-publish","4":"format-standard","5":"has-post-thumbnail","7":"category-musik","8":"tag-ac-dc","9":"tag-bands","10":"tag-berlin","11":"tag-deutschland","12":"tag-entertainment","13":"tag-germany","14":"tag-konzert","15":"tag-music","16":"tag-musik","17":"tag-olympiastadion-berlin","18":"tag-texttospeech","19":"tag-tournee","20":"tag-unterhaltung","21":"tag-young-angus"},"share_on_mastodon":{"url":"https:\/\/pubeurope.com\/@de\/114777725818674326","error":""},"_links":{"self":[{"href":"https:\/\/www.europesays.com\/de\/wp-json\/wp\/v2\/posts\/233621","targetHints":{"allow":["GET"]}}],"collection":[{"href":"https:\/\/www.europesays.com\/de\/wp-json\/wp\/v2\/posts"}],"about":[{"href":"https:\/\/www.europesays.com\/de\/wp-json\/wp\/v2\/types\/post"}],"author":[{"embeddable":true,"href":"https:\/\/www.europesays.com\/de\/wp-json\/wp\/v2\/users\/2"}],"replies":[{"embeddable":true,"href":"https:\/\/www.europesays.com\/de\/wp-json\/wp\/v2\/comments?post=233621"}],"version-history":[{"count":0,"href":"https:\/\/www.europesays.com\/de\/wp-json\/wp\/v2\/posts\/233621\/revisions"}],"wp:featuredmedia":[{"embeddable":true,"href":"https:\/\/www.europesays.com\/de\/wp-json\/wp\/v2\/media\/233622"}],"wp:attachment":[{"href":"https:\/\/www.europesays.com\/de\/wp-json\/wp\/v2\/media?parent=233621"}],"wp:term":[{"taxonomy":"category","embeddable":true,"href":"https:\/\/www.europesays.com\/de\/wp-json\/wp\/v2\/categories?post=233621"},{"taxonomy":"post_tag","embeddable":true,"href":"https:\/\/www.europesays.com\/de\/wp-json\/wp\/v2\/tags?post=233621"}],"curies":[{"name":"wp","href":"https:\/\/api.w.org\/{rel}","templated":true}]}}