{"id":233800,"date":"2025-07-01T12:57:11","date_gmt":"2025-07-01T12:57:11","guid":{"rendered":"https:\/\/www.europesays.com\/de\/233800\/"},"modified":"2025-07-01T12:57:11","modified_gmt":"2025-07-01T12:57:11","slug":"verfahren-gegen-ex-vw-boss-winterkorn-vorerst-eingestellt","status":"publish","type":"post","link":"https:\/\/www.europesays.com\/de\/233800\/","title":{"rendered":"Verfahren gegen Ex-VW-Boss Winterkorn vorerst eingestellt"},"content":{"rendered":"<p>Landgericht Braunschweig <\/p>\n<p>Verfahren gegen Winterkorn wird eingestellt \u2013 vorl\u00e4ufig<\/p>\n<p>Aktualisiert am 01.07.2025 &#8211; 14:54 UhrLesedauer: 1 Min.<\/p>\n<p><a href=\"#focus-0\" class=\"transition-colors duration-200 focus-within:text-magenta block text-current relative\" data-sctrack=\"FocusGalleryImage.Reference\"><img fetchpriority=\"high\" data-testid=\"Opener.Image\" style=\"--lqipURL:url('https:\/\/images.t-online.de\/2024\/09\/KECKaVaWjyHc\/0x107:2048x1152\/fit-in\/150x0\/filters:blur(25)\/aeussert-sich-winterkorn-im-strafprozess-gegen-ihn-foto-aktuell.jpg')\"   loading=\"eager\" src=\"https:\/\/www.europesays.com\/de\/wp-content\/uploads\/2025\/07\/aeussert-sich-winterkorn-im-strafprozess-gegen-ihn-foto-aktuell.jpg\" alt=\"Hauptverhandlung gegen Ex-Volkswagenchef Winterkorn\" title=\"Hauptverhandlung gegen Ex-Volkswagenchef Winterkorn\" width=\"2048\" height=\"1152\" class=\"bg-[url:var(--lqipURL)] bg-cover bg-center flex h-full w-full max-w-full\" decoding=\"async\"\/><img style=\"--width:32;--height:32\" loading=\"lazy\" src=\"https:\/\/www.t-online.de\/s\/paper\/_next\/static\/media\/zoom-in.f7dae02f.svg\" alt=\"Vergr\u00f6\u00dfern des Bildes\" title=\"Vergr\u00f6\u00dfern des Bildes\" class=\"block h-[calc(var(--height)_\/_16_*_1rem)] w-[calc(var(--width)_\/_16_*_1rem)] max-w-none absolute bottom-8 right-8 rounded-4 bg-snow p-8\" decoding=\"async\"\/><\/a><\/p>\n<p>Martin Winterkorn im Strafprozess (Archivbild): Das Verfahren wird erst einmal eingestellt. (Quelle: Moritz Frankenberg\/dpa\/dpa-bilder)<\/p>\n<p class=\"font-bold text-18 leading-17\">Der Prozess gegen Martin Winterkorn startete vor knapp einem Jahr: Nun teilt das zust\u00e4ndige Landgericht in Braunschweig mit, dass es nach der bereits l\u00e4ngeren Pause keine Wiederaufnahme gibt \u2013 vorerst.<\/p>\n<p class=\"text-18 leading-17\">Die 16. Strafkammer des Braunschweiger Landgerichts hat das Verfahren gegen den Ex-VW-Boss <a class=\"transition-colors duration-200 cursor-pointer text-inherit no-underline text-salemsfur md:hover:text-magenta md:hover:border-magenta md:focus:text-magenta border-current border-b border-solid break-words\" href=\"https:\/\/www.t-online.de\/themen\/martin-winterkorn\/\" data-sctrack=\"BodyAnchor\" rel=\"nofollow noopener\" target=\"_blank\">Martin Winterkorn<\/a> vorl\u00e4ufig eingestellt. Das teilt das Gericht am Dienstag schriftlich mit. Der Grund f\u00fcr die Einstellung sei ein vor\u00fcbergehendes Hindernis.<\/p>\n<p class=\"text-18 leading-17\">Zur Erkl\u00e4rung: Das vor\u00fcbergehende Hindernis sieht die sachverst\u00e4ndig beratene Kammer in der l\u00e4nger andauernden Erkrankung Winterkorns. Durch diese war er verhandlungsunf\u00e4hig.<\/p>\n<p class=\"text-18 leading-17\">Die Kammer werde aber, so schreibt es das Landgericht, den Gesundheitszustand Winterkorns weiter im Blick behalten \u2013 und setze das Verfahren fort, sollte der Ex-VW-Boss wieder verhandlungsf\u00e4hig sein.<\/p>\n<p class=\"text-18 leading-17\">Der Prozess gegen den ehemaligen Volkswagen-Chef Winterkorn im Dieselskandal begann Anfang September 2024 vor dem Landgericht <a class=\"transition-colors duration-200 cursor-pointer text-inherit no-underline text-salemsfur md:hover:text-magenta md:hover:border-magenta md:focus:text-magenta border-current border-b border-solid break-words\" href=\"https:\/\/www.t-online.de\/themen\/braunschweig\/\" data-sctrack=\"BodyAnchor\" rel=\"nofollow noopener\" target=\"_blank\">Braunschweig<\/a>. Ihm werden im Zusammenhang mit dem Skandal gewerbs- und bandenm\u00e4\u00dfiger Betrug, uneidliche Falschaussage sowie Marktmanipulation zur Last gelegt.<\/p>\n<p class=\"text-18 leading-17\">Winterkorn, der von 2007 bis 2015 als Vorstandsvorsitzender von <a class=\"transition-colors duration-200 cursor-pointer text-inherit no-underline text-salemsfur md:hover:text-magenta md:hover:border-magenta md:focus:text-magenta border-current border-b border-solid break-words\" href=\"https:\/\/www.t-online.de\/themen\/volkswagen\/\" data-sctrack=\"BodyAnchor\" rel=\"nofollow noopener\" target=\"_blank\">Volkswagen<\/a> fungierte, trat aufgrund des Abgasskandals zur\u00fcck. Im Zuge von Untersuchungen durch US-Beh\u00f6rden musste Volkswagen einr\u00e4umen, dass in Millionen Dieselfahrzeugen weltweit eine illegale Abschalteinrichtung installiert wurde.<\/p>\n<p class=\"text-18 leading-17\">Diese sorgte daf\u00fcr, dass die Grenzwerte f\u00fcr Stickoxide auf dem Pr\u00fcfstand eingehalten wurden, nicht jedoch im tats\u00e4chlichen Fahrbetrieb. Infolgedessen h\u00e4tten diese Fahrzeuge keine Zulassung erhalten d\u00fcrfen.<\/p>\n","protected":false},"excerpt":{"rendered":"Landgericht Braunschweig Verfahren gegen Winterkorn wird eingestellt \u2013 vorl\u00e4ufig Aktualisiert am 01.07.2025 &#8211; 14:54 UhrLesedauer: 1 Min. Martin&hellip;\n","protected":false},"author":2,"featured_media":233801,"comment_status":"","ping_status":"","sticky":false,"template":"","format":"standard","meta":{"footnotes":""},"categories":[1850],"tags":[6429,3364,29,548,663,3934,30,13,4933,37817,27830,14,15,1411,12,27709,603],"class_list":{"0":"post-233800","1":"post","2":"type-post","3":"status-publish","4":"format-standard","5":"has-post-thumbnail","7":"category-braunschweig","8":"tag-braunschweig","9":"tag-de","10":"tag-deutschland","11":"tag-eu","12":"tag-europa","13":"tag-europe","14":"tag-germany","15":"tag-headlines","16":"tag-landgericht","17":"tag-landgericht-braunschweig","18":"tag-martin-winterkorn","19":"tag-nachrichten","20":"tag-news","21":"tag-niedersachsen","22":"tag-schlagzeilen","23":"tag-strafprozess","24":"tag-vw"},"share_on_mastodon":{"url":"https:\/\/pubeurope.com\/@de\/114778095176382184","error":""},"_links":{"self":[{"href":"https:\/\/www.europesays.com\/de\/wp-json\/wp\/v2\/posts\/233800","targetHints":{"allow":["GET"]}}],"collection":[{"href":"https:\/\/www.europesays.com\/de\/wp-json\/wp\/v2\/posts"}],"about":[{"href":"https:\/\/www.europesays.com\/de\/wp-json\/wp\/v2\/types\/post"}],"author":[{"embeddable":true,"href":"https:\/\/www.europesays.com\/de\/wp-json\/wp\/v2\/users\/2"}],"replies":[{"embeddable":true,"href":"https:\/\/www.europesays.com\/de\/wp-json\/wp\/v2\/comments?post=233800"}],"version-history":[{"count":0,"href":"https:\/\/www.europesays.com\/de\/wp-json\/wp\/v2\/posts\/233800\/revisions"}],"wp:featuredmedia":[{"embeddable":true,"href":"https:\/\/www.europesays.com\/de\/wp-json\/wp\/v2\/media\/233801"}],"wp:attachment":[{"href":"https:\/\/www.europesays.com\/de\/wp-json\/wp\/v2\/media?parent=233800"}],"wp:term":[{"taxonomy":"category","embeddable":true,"href":"https:\/\/www.europesays.com\/de\/wp-json\/wp\/v2\/categories?post=233800"},{"taxonomy":"post_tag","embeddable":true,"href":"https:\/\/www.europesays.com\/de\/wp-json\/wp\/v2\/tags?post=233800"}],"curies":[{"name":"wp","href":"https:\/\/api.w.org\/{rel}","templated":true}]}}