{"id":233806,"date":"2025-07-01T13:00:17","date_gmt":"2025-07-01T13:00:17","guid":{"rendered":"https:\/\/www.europesays.com\/de\/233806\/"},"modified":"2025-07-01T13:00:17","modified_gmt":"2025-07-01T13:00:17","slug":"burgenklassik-2025-sechs-historische-orte-sechs-herausragende-konzerte","status":"publish","type":"post","link":"https:\/\/www.europesays.com\/de\/233806\/","title":{"rendered":"Burgenklassik 2025: Sechs historische Orte, sechs herausragende Konzerte"},"content":{"rendered":"<p class=\"rubric-datestamp\">Pressemitteilung vom 01.07.2025 \u00a0\u00a0\u00a0 <a href=\"https:\/\/www.ww-kurier.de\/newsprint.php?nid=158079\" target=\"_new\" rel=\"noopener\"><img decoding=\"async\" src=\"https:\/\/www.europesays.com\/de\/wp-content\/uploads\/2025\/04\/1744474996_303_print.gif\" border=\"0\" title=\"Artikel drucken\"\/><\/a><\/p>\n<p class=\"sdescript\">&#13;<br \/>\n\t\t\t\t\t\t\t\tSie z\u00e4hlen zu den geschichtstr\u00e4chtigsten Orten des Landes: die Burgen und Schl\u00f6sser von Rheinland-Pfalz. Sechs der sch\u00f6nsten pr\u00e4sentiert die Landesstiftung Villa Musica Rheinland-Pfalz in ihrer Sommerreihe Burgenklassik vom 18. Juli bis 10. August. Dort werden sie zu Schaupl\u00e4tzen hochkar\u00e4tiger musikalischer Darbietungen \u0096 dieses Jahr unter anderem mit der Star-Geigerin Midori.<\/p>\n<p>\t\t\t\t&#13;<br \/>\n                                    <a href=\"https:\/\/www.ww-kurier.de\/artikelbild\/158079-burgenklassik-2025--sechs-historische-orte--sechs-herausragende-konzerte\" target=\"_blank\" rel=\"noopener\">&#13;<br \/>\n\t\t\t\t\t\t\t\t\t&#13;<br \/>\n\t\t\t\t\t\t\t\t\t\t\t\t\t<img loading=\"lazy\" decoding=\"async\" class=\"lazy\" src=\"https:\/\/www.europesays.com\/de\/wp-content\/uploads\/2025\/07\/VME_20250701_01.JPG\" alt=\"\" width=\"359\" height=\"269\"\/>&#13;<br \/>\n\t\t\t\t\t\t\t\t\t\t\t\t\t\t\t\t\t\t<\/a>&#13;<br \/>\n                                    Linus Roth (Foto: Diego Frassens)&#13;<\/p>\n<p class=\"rubric-textblock\">Hachenburg\/ Engers. Die Marksburg, Schloss Stolzenfels, Burg Rheinfels und Schloss Engers sind die spektakul\u00e4ren Spielst\u00e4tten am Mittelrhein. Die Schlosskirche Hachenburg und Schloss Malberg laden zu Ausfl\u00fcgen in den Westerwald und die Eifel ein. Burgenklassik 2025 wird unterst\u00fctzt von Freunde der Villa Musica e.V.<\/p>\n<p>Professor Ervis Gega, k\u00fcnstlerische Leiterin der Villa Musica, freut sich auf die Konzerte: &#8222;Seit 2017 verbindet die Reihe Musik, Architektur und Geschichte auf eine Weise, die ber\u00fchrt und inspiriert&#8220;, sagt sie. &#8222;Die Stipendiaten der Villa Musica machen gemeinsam mit hochkar\u00e4tigen K\u00fcnstlern die Burgenklassik zum unvergleichlichen Sommerfestival&#8220;, so Ervis Gega. <\/p>\n<p>Kulturstaatssekret\u00e4r Prof. Dr. J\u00fcrgen Hardeck wird das Mini-Festival am Freitag, 18. Juli, 19 Uhr, in der Schlosskirche Hachenburg er\u00f6ffnen. Dort werden der Ausnahme-Geiger Linus Roth und vier junge Villa Musica-Streicher mit Werken des jungen Beethoven den Auftakt zur Burgenklassik markieren. <\/p>\n<p>Am Sonntag, 27. Juli, 17 Uhr, gastiert auf der Marksburg in Braubach das Kyiv Tango Orchestra, ein Aush\u00e4ngeschild der vom Krieg stark betroffenen ukrainischen Musikindustrie. Neben Tangos von Piazzolla sind auch ukrainische Volkslieder im Tangostil zu h\u00f6ren.<\/p>\n<p>Glanzvoller H\u00f6hepunkt der Konzertreihe wird am Freitag, 1. August, 19 Uhr, das Sonderkonzert in Schloss Engers mit der Weltklasse-Geigerin und GRAMMY-Preistr\u00e4gerin Midori sein. Mit dem Pianisten \u00d6zgur Aydin spielt sie Schuberts C-Dur-Fantasie, die &#8222;Fr\u00fchlingssonate&#8220; von Beethoven und franz\u00f6sische Sonaten von Poulenc und Ravel. \t\t\t\t\t<\/p>\n<p class=\"rubric-textblock\">&#13;<br \/>\n\t\t\t\t\t&#13;<br \/>\nAm Samstag, 2. August, 19 Uhr bespielen Charlotte und Friedrich Thiele die reizvolle Sommerhalle in Schloss Stolzenfels mit virtuosen Duos f\u00fcr Violine und Cello. Zu h\u00f6ren sind Werke von Bach, Mozart und russischen Komponisten.<\/p>\n<p>Die Harfenistin Silke Aichhorn und der Fl\u00f6tist Deja Gavric bilden das Traumpaar der rauschenden Kl\u00e4nge bei der Matinee am Sonntag, 3. August, 11 Uhr, auf Schloss Malberg in der Eifel. Zwischen dem &#8222;Karneval von Venedig&#8220; und einer Sonate des &#8222;Hamburger Bach&#8220; z\u00fcnden sie ein Feuerwerk der brillanten, berauschenden T\u00f6ne.<\/p>\n<p>Im Museum der Burg Rheinfels steigt am Sonntag, 10. August das Finale der Reihe: \u0084Vivaldimania\u0093 mit der gerade erst preisgekr\u00f6nten Cellistin Irena Josifoska (Villa Musica Stern 2025) und ihrem Barockensemble. Furiose Cellosonaten und Opernarien von Vivaldi sorgen f\u00fcr einen mitrei\u00dfenden Burgenklassik-Ausklang.<\/p>\n<p>Tickets sind bei der Villa Musica unter Telefon 06131-9251800, E-Mail: info@villamusica.de oder online unter <a href=\"http:\/\/www.villamusica.de\" target=\"_blank\" rel=\"nofollow noopener\">www.villamusica.de<\/a> erh\u00e4ltlich. (PM)<br \/>&#13;\n<\/p>\n<p class=\"rubric-textblock\">&#13;<br \/>\n\t\t\t\t\t\t\t\t&#13;<br \/>\n\t\t\t\t Mehr dazu:\u00a0\u00a0 &#13;<br \/>\n\t\t\t\t\t\t\t\t\t<a href=\"https:\/\/www.ww-kurier.de\/thema\/veranstaltungen\" target=\"_blank\" rel=\"noopener\">Veranstaltungen heute im Westerwald<\/a>\u00a0\u00a0&#13;<br \/>\n\t\t\t\t\t\t\t\t\t<br \/>&#13;<br \/>\n\t\t\t\t\t\t\t\t\t&#13;<br \/>\n\t\t\t\t&#13;<br \/>\n&#13;<br \/>\n\t\t\t\t\t\t\t&#13;<br \/>\n\t\t\t\t\tLokales:\u00a0<a href=\"https:\/\/www.ww-kurier.de\/lokalausgabe\/12-hachenburg\" target=\"_blank\" rel=\"noopener\">Hachenburg &amp; Umgebung<\/a><br \/>&#13;<br \/>\n\t\t\t\t\t&#13;<br \/>\n\t\t\t   Feedback:\u00a0<a href=\"https:\/\/easy-feedback.de\/mitteilung\/1781508\/U2n2Hq\/?CMSID=158079\" target=\"_blank\" rel=\"noopener\">Hinweise an die Redaktion<\/a>&#13;\n\t\t\t   \t\t\t   <\/p>\n","protected":false},"excerpt":{"rendered":"Pressemitteilung vom 01.07.2025 \u00a0\u00a0\u00a0 &#13; Sie z\u00e4hlen zu den geschichtstr\u00e4chtigsten Orten des Landes: die Burgen und Schl\u00f6sser von&hellip;\n","protected":false},"author":2,"featured_media":233807,"comment_status":"","ping_status":"","sticky":false,"template":"","format":"standard","meta":{"footnotes":""},"categories":[1847],"tags":[590,3364,29,548,663,3934,30,13,2052,9194,14,15,5399,12,15306,4544,15307],"class_list":{"0":"post-233806","1":"post","2":"type-post","3":"status-publish","4":"format-standard","5":"has-post-thumbnail","7":"category-wiesbaden","8":"tag-aktuell","9":"tag-de","10":"tag-deutschland","11":"tag-eu","12":"tag-europa","13":"tag-europe","14":"tag-germany","15":"tag-headlines","16":"tag-hessen","17":"tag-internetzeitung","18":"tag-nachrichten","19":"tag-news","20":"tag-region","21":"tag-schlagzeilen","22":"tag-westerwaldkreis","23":"tag-wiesbaden","24":"tag-ww-kurier"},"share_on_mastodon":{"url":"https:\/\/pubeurope.com\/@de\/114778107090957266","error":""},"_links":{"self":[{"href":"https:\/\/www.europesays.com\/de\/wp-json\/wp\/v2\/posts\/233806","targetHints":{"allow":["GET"]}}],"collection":[{"href":"https:\/\/www.europesays.com\/de\/wp-json\/wp\/v2\/posts"}],"about":[{"href":"https:\/\/www.europesays.com\/de\/wp-json\/wp\/v2\/types\/post"}],"author":[{"embeddable":true,"href":"https:\/\/www.europesays.com\/de\/wp-json\/wp\/v2\/users\/2"}],"replies":[{"embeddable":true,"href":"https:\/\/www.europesays.com\/de\/wp-json\/wp\/v2\/comments?post=233806"}],"version-history":[{"count":0,"href":"https:\/\/www.europesays.com\/de\/wp-json\/wp\/v2\/posts\/233806\/revisions"}],"wp:featuredmedia":[{"embeddable":true,"href":"https:\/\/www.europesays.com\/de\/wp-json\/wp\/v2\/media\/233807"}],"wp:attachment":[{"href":"https:\/\/www.europesays.com\/de\/wp-json\/wp\/v2\/media?parent=233806"}],"wp:term":[{"taxonomy":"category","embeddable":true,"href":"https:\/\/www.europesays.com\/de\/wp-json\/wp\/v2\/categories?post=233806"},{"taxonomy":"post_tag","embeddable":true,"href":"https:\/\/www.europesays.com\/de\/wp-json\/wp\/v2\/tags?post=233806"}],"curies":[{"name":"wp","href":"https:\/\/api.w.org\/{rel}","templated":true}]}}