{"id":233808,"date":"2025-07-01T13:01:11","date_gmt":"2025-07-01T13:01:11","guid":{"rendered":"https:\/\/www.europesays.com\/de\/233808\/"},"modified":"2025-07-01T13:01:11","modified_gmt":"2025-07-01T13:01:11","slug":"ein-ueberblick-ueber-die-bayerischen-jazz-festivals-im-juli-muenchen","status":"publish","type":"post","link":"https:\/\/www.europesays.com\/de\/233808\/","title":{"rendered":"Ein \u00dcberblick \u00fcber die bayerischen Jazz-Festivals im Juli &#8211; M\u00fcnchen"},"content":{"rendered":"<p>Neuer Schwung f\u00fcr die Renaissance-Perle: Landshut<img decoding=\"async\" alt=\"Die heimlichen Headliner des Festivals: David Helbock und Julia Hofer.\" data-manual=\"overline, headerImageCaption, headerImageSrc, headerImageSrcSet\" data-testid=\"responsive-image\" loading=\"lazy\"  src=\"https:\/\/www.europesays.com\/de\/wp-content\/uploads\/2025\/07\/59252872-1645-4e33-ae7f-cb5f378aaae4.jpeg\"  role=\"button\" tabindex=\"0\" class=\"css-y4bre2\"\/>Die heimlichen Headliner des Festivals: David Helbock und Julia Hofer. (Foto: Severin Koller)<\/p>\n<p data-manual=\"paragraph\" data-schema-org-speakable=\"true\" class=\"css-1ylqqlw\">Los geht es mit etwas Neuem. Das erste \u201e<a href=\"https:\/\/www.horizontinnen.de\/\" target=\"_blank\" rel=\"noopener\">Horizont:Innen Jazz Festival<\/a>\u201c in <a href=\"https:\/\/www.sueddeutsche.de\/thema\/Landshut\" target=\"_blank\" rel=\"noopener\">Landshut<\/a> mag einen bem\u00fchten Titel und ein h\u00e4ssliches (sowie in Teilen \u00fcberholtes) Programmheft haben, aber das ehrenamtliche Veranstalter-Kollektiv hat \u2013 auch dank einer erstaunlichen Zahl \u00f6rtlicher Unterst\u00fctzer \u2013 ein sehr interessantes Programm zusammengestellt.<\/p>\n<p data-manual=\"paragraph\" data-schema-org-speakable=\"true\" class=\"css-1ylqqlw\">Gewisserma\u00dfen das Vorspiel mit Lesung, Jazz-Talk, Filmen und Jam-Session ist bereits im Juni gelaufen, das eigentliche Festival, also die Konzerte, steigt jetzt am 4. und 5. Juli in der Zentrale zum Rieblwirt. Den ersten Abend bestreiten, nach dem Warmlaufen mit den jungen Locals vom Little Leinberger Jazzensemble, die in New York geborene, in Berlin lebende Rapperin Sorvina und Hattori Hanzi, das noch relativ neue Trio des Hammond-Orgel-Fex Hansi Enzensperger mit Igor Klujic am Bass und Manfred Mildenberger an Drums.<\/p>\n<p data-manual=\"paragraph\" data-schema-org-speakable=\"true\" class=\"css-1ylqqlw\">Den langen Samstag l\u00e4utet um 18 Uhr das eigens f\u00fcrs Festival gebildete Horizont:Innen Ensemble mit Landhuter Musikern und gleich vier S\u00e4ngerinnen ein. Nach dem preisgekr\u00f6nten Trio der Altsaxofonistin Silke Eberhard \u2013 f\u00fcr ihr furioses Gro\u00dfensemble Potsa Lotsa auch Gewinnerin des Deutschen Jazzpreises \u2013 folgt der heimliche Headliner des Festivals: Der \u00f6sterreichische Star-Pianist David Helbock pr\u00e4sentiert sein neues Duo mit der E-Bassistin und Cellistin Julia Hofer, die zu den vielversprechendsten Talenten der europ\u00e4ischen Szene geh\u00f6rt. Zwei Berliner Bands beschlie\u00dfen den Reigen: das Trio O\u00f9at mit multistilistischem Modern Jazz und das Quartett Cats &amp; Breakkies mit rockig tanzbarer Fusion.<\/p>\n<p data-manual=\"paragraph\" data-schema-org-speakable=\"true\" class=\"css-1ylqqlw\"><strong>Horizont:Innen Jazz Festival Landshut, Freitag und Samstag, 4. und 5. Juli, Zentrale zum Rieblwirt, <\/strong><strong><a href=\"https:\/\/www.horizontinnen.de\/\" target=\"_blank\" rel=\"noopener\">www.horizontinnen.de<\/a><\/strong><\/p>\n<p>Zwischen Rosen und Brunnen: Augsburg<img decoding=\"async\" alt=\"Christian McBride tritt im Botanischen Garten auf \u2013 wie eine Reihe internationaler Jazz-Stars.\" data-manual=\"overline, headerImageCaption, headerImageSrc, headerImageSrcSet\" data-testid=\"responsive-image\" loading=\"lazy\"  src=\"https:\/\/www.europesays.com\/de\/wp-content\/uploads\/2025\/07\/093ae8ff-bbf9-4f11-aaa3-e0d2accd93f3.jpeg\"  role=\"button\" tabindex=\"0\" class=\"css-y4bre2\"\/>Christian McBride tritt im Botanischen Garten auf \u2013 wie eine Reihe internationaler Jazz-Stars. (Foto: Oliver Hochkeppel)<\/p>\n<p data-manual=\"paragraph\" data-schema-org-speakable=\"true\" class=\"css-1ylqqlw\">Auch schon am Start, und das zum 33. Mal, ist der \u201e<a href=\"https:\/\/augsburger-jazzsommer.de\/\" target=\"_blank\" rel=\"noopener\">Internationale Augsburger Jazzsommer<\/a>\u201c. Als Konzertreihe dauert er am l\u00e4ngsten, bis zum 6. August. Immer mittwochs wird der Botanische Garten mit internationalen Highlights bespielt. Heuer sind im Rosenpavillon Aaron Parks (mit seinem Quartett Little Big, 2. Juli), John Scofield&#8217;s Long Day Quartett (9. Juli), Camille Bertault (16. Juli), Remembering Ray Brown mit Christian McBride, Benny Green und Gregory Hutchinson (23. Juli), Nils Petter Molvaer und seine Group (30. Juli) sowie das Anat Cohen Quartetinho (6. August) zu Gast. Allesamt klingende Namen, die man Kennern nicht mehr vorstellen muss.<\/p>\n<p data-manual=\"paragraph\" data-schema-org-speakable=\"true\" class=\"css-1ylqqlw\">F\u00fcr die \u201erising stars\u201c ist dann immer samstags der Brunnenhof im Zeughaus reserviert. Diesmal hat Festivalleiter und Schlagzeuger Tilmann Herpichb\u00f6hm mit sicherem H\u00e4ndchen folgende spannende Acts ausgew\u00e4hlt: den italienischen Pianisten Lorenzo de Finti mit seinem exzellenten Quartett (5. Juli); Allesk\u00f6nnerin und Kammerspiele-Ensemble-Mitglied Jelena Kulji\u0107 mit ihrem neuen Projekt Fundamental Interactions (12. Juli); die\u00a0Insomnia Brass Band, hinter der sich das gro\u00dfartige Trio mit Anke Lucks an der Posaune, Almut\u00a0Schlichting am Baritonsaxofon und Christian Marien am Schlagzeug verbirgt (19. Juli); das t\u00fcrkisch-italienisch-schweizerische Ava Trio mit seiner spannenden Jazz-Interpretation der arabischen Maqam-Musik (26. Juli); und das fulminante, von den Stimmen von Josefine Lindstrand und Cecilia Linn\u00e9 getragene Quintett des schwedischen Saxofonisten Thomas Backman (2. August).<\/p>\n<p data-manual=\"paragraph\" data-schema-org-speakable=\"true\" class=\"css-1ylqqlw\"><strong>33. Internationaler Augsburger Jazzsommer, Mittwoch, 2. Juli, bis Mittwoch, 6. August, Botanischer Garten und Brunnenhof Zeughaus, <\/strong><strong><a href=\"https:\/\/augsburger-jazzsommer.de\/\" target=\"_blank\" rel=\"noopener\">https:\/\/augsburger-jazzsommer.de<\/a><\/strong><\/p>\n<p>Wenn die Altstadt bebt: Regensburg<img decoding=\"async\" alt=\"Schlagzeuger Diego Pi\u00f1era (2. v. li.) wird im Thon-Dittmer-Palais zu h\u00f6ren sein. Die Konzerte in Regensburg werden vom BR mitgeschnitten.\" data-manual=\"overline, headerImageCaption, headerImageSrc, headerImageSrcSet\" data-testid=\"responsive-image\" loading=\"lazy\"  src=\"https:\/\/www.europesays.com\/de\/wp-content\/uploads\/2025\/07\/0cd88e4c-27ae-4004-a479-e818d83af43d.jpeg\"  role=\"button\" tabindex=\"0\" class=\"css-y4bre2\"\/>Schlagzeuger Diego Pi\u00f1era (2. v. li.) wird im Thon-Dittmer-Palais zu h\u00f6ren sein. Die Konzerte in Regensburg werden vom BR mitgeschnitten. (Foto: Daniel Lindenblatt)<\/p>\n<p data-manual=\"paragraph\" data-schema-org-speakable=\"true\" class=\"css-1ylqqlw\">Sogar schon zum 44. Mal wird <a href=\"https:\/\/www.sueddeutsche.de\/thema\/Regensburg\" target=\"_blank\" rel=\"noopener\">Regensburg<\/a> ein langes Wochenende lang zur Jazz-Hauptstadt: beim \u201eBayerischen Jazzweekend\u201c, das seit jeher eine Plattform nicht nur, aber vor allem f\u00fcr die nationale Szene ist. \u00dcber 100 allesamt kostenfreie Konzerte verteilen sich auf 16 B\u00fchnen in ganz Regensburg. Von der Piazza des Gewerbeparks, wo traditionell der Auftakt am Donnerstag\u00a0stattfindet, und dem Jazzclub Leerer Beutel \u00fcber den vertr\u00e4umten Schlossgarten in Kallm\u00fcnz bis zum Schiffsanleger am Marc-Aurel-Ufer oder dem ehrw\u00fcrdigen Thon-Dittmer-Palais. Ein neuer Spielort ist die Regensburger Boulderwelt mit einem bunten Kinder- und Tanzprogramm.<\/p>\n<p data-manual=\"paragraph\" data-schema-org-speakable=\"true\" class=\"css-1ylqqlw\">Im Thon-Dittmer-Palais findet nicht nur die offizielle Er\u00f6ffnung mit dem Landes-Jugendjazzorchester statt. Alle Konzerte dort werden vom BR mitgeschnitten, der das inzwischen von einem Expertenkuratorium unter Leitung von Christian Sommerer aus \u00fcber 500 Bewerbern best\u00fcckte Festival zusammen mit der Stadt (noch) mittr\u00e4gt. Deshalb sind dort verst\u00e4rkt Hochkar\u00e4ter zu h\u00f6ren, wie etwa Vincent Meissner, Fiona Grond mit Luca Zambito, Chris Gall (mit seinem neuen\u00a0Prepared Trio), Diego Pi\u00f1era, Moritz Stahl\u00a0oder das Berliner Trio Dream Big Fish.\u00a0<\/p>\n<p data-manual=\"paragraph\" data-schema-org-speakable=\"true\" class=\"css-1ylqqlw\">Ansonsten sind alle Spielarten weit \u00fcber die klassischen Jazzstile hinaus vertreten, vom elektro-akustischen Breakbeat des Berliner Duos Binary Boy \u00fcber den\u00a0Neo-Soul von\u00a0Molass\u00a0aus K\u00f6ln und Yaellee aus Dresden bis zum Avantgarde-Pop der Frauentruppe SieA. Schon zur Tradition geworden sind Walking Act, Jazz Poetry Slam und Jazz-Dinner. Der aus Regensburg stammende, in New York lebende Saxofonist Tobias Meinhart ist der diesj\u00e4hrige artist in residence und tritt viermal in verschiedensten Besetzungen mit G\u00e4sten aus aller Welt auf. Die internationale Fraktion wird wieder am st\u00e4rksten von \u00d6sterreich vertreten, mit sechs spannenden Bands von der Balkan-Truppe Gew\u00fcrztraminer und da gmischte Satz bis zu den Groove-Experten von Moreland.<\/p>\n<p data-manual=\"paragraph\" data-schema-org-speakable=\"true\" class=\"css-1ylqqlw\"><strong>Jazz-Weekend Regensburg, Donnerstag bis Sonntag, 10. bis 13. Juli, Altstadt Regensburg, <\/strong><strong><a href=\"http:\/\/www.jazzwe.de\/\" target=\"_blank\" rel=\"noopener\">www.jazzwe.de<\/a><\/strong><\/p>\n<p>Jazz auf dem Bauernhof: Diersbach<img decoding=\"async\" alt=\"Das Quartett \u201eRadio Paradise\u201c verleiht den \u201eInnt\u00f6nen\u201c heuer echten Star-Glanz.\" data-manual=\"overline, headerImageCaption, headerImageSrc, headerImageSrcSet\" data-testid=\"responsive-image\" loading=\"lazy\"  src=\"https:\/\/www.europesays.com\/de\/wp-content\/uploads\/2025\/07\/6a62b878-6e1d-42e2-9f3e-6ed403134192.jpeg\"  role=\"button\" tabindex=\"0\" class=\"css-y4bre2\"\/>Das Quartett \u201eRadio Paradise\u201c verleiht den \u201eInnt\u00f6nen\u201c heuer echten Star-Glanz. (Foto: Hamza Djenat)<\/p>\n<p data-manual=\"paragraph\" data-schema-org-speakable=\"true\" class=\"css-1ylqqlw\">N\u00e4her als die <a href=\"https:\/\/www.sueddeutsche.de\/thema\/Oberpfalz\" target=\"_blank\" rel=\"noopener\">Oberpfalz<\/a> oder Franken liegt f\u00fcr viele Oberbayern Diersbach, eine kleine \u00f6sterreichische Gemeinde hinter Sch\u00e4rding nahe der Grenze. Und so wird sie von vermutlich ebenso vielen &#8211; gern campenden &#8211; bayerischen wie \u00f6sterreichischen Jazzfreunden frequentiert, wenn Paul Zauner wieder zum \u201eInnt\u00f6ne Jazzfestival\u201c ruft. Schon, seit der Posaunist, Label-Chef und Gro\u00df-Impresario (unter anderem f\u00fcr den Jazz in Passau) sein 1995 gegr\u00fcndetes Festival aus \u00c4rger \u00fcber abspringende Spielorte 2002 einfach auf den elterlichen Bauernhof verpflanzte. Erst recht, seit er diesen \u201eJazz auf dem Bauernhof\u201c w\u00e4hrend Corona von Pfingsten auf Juli und von der Scheune auf die Wiese verlegte.<\/p>\n<p data-manual=\"paragraph\" data-schema-org-speakable=\"true\" class=\"css-1ylqqlw\">Ein Kontinuum ist, dass die Innt\u00f6ne dank Zauners Riecher f\u00fcrs Publikum ein Entdecker- und f\u00fcr die Musiker ein Sprungbrett-Festival ist. Stars wie Gregory Porter, Jazzmeia Horn oder Kamasi Washington haben hier schon gespielt, als sie noch nicht ber\u00fchmt waren. In diese Kategorie k\u00f6nnten diesmal der S\u00e4nger Tyreek McDole, der deutsch-britische Pianist Hans Koller oder der franz\u00f6sische Saiten-Weltmusiker Titi Robin fallen.<\/p>\n<p data-manual=\"paragraph\" data-schema-org-speakable=\"true\" class=\"css-1ylqqlw\">Als bereits etablierte Kr\u00e4fte kommen unter anderem die britische S\u00e4ngerin Heidi Vogel (mit Liam Noble am Klavier), der Tenorsax-Veteran Scott Robinson oder die \u201eitalienische Diana Krall\u201c Francesca Tandoi. Echten Star-Glanz verleihen den Innt\u00f6nen heuer Saxofonist James Brandon Lewis und der Pianist Yaron Herman mit seinem All-Star-Quartett Radio Paradise. Ein spezieller Tipp ist das Wiedersehen mit dem Super-Cellisten Ernst Reijseger, zusammen mit dem sardischen Chor Cuncordu e Tenore de Orosei unter dem Titel \u201eThe Face of God\u201c.<\/p>\n<p data-manual=\"paragraph\" data-schema-org-speakable=\"true\" class=\"css-1ylqqlw\">Er\u00f6ffnet wird die gro\u00dfe B\u00fchne mit einem fulminanten weltmusikalischen Entree vom \u00f6sterreichischen Cham\u00e4leon Orchestra des Geigers\u00a0Christian Wirth. Fast schon zum Festival im Festival haben sich inzwischen die\u00a0Band-Auftritte in der Scheune und im St. Pigs Pub (dem ehemaligen Schweinestall) entwickelt. Zu diesem Rahmenprogramm geh\u00f6ren, wir sind in \u00d6sterreich, auch allerlei kulinarische Gen\u00fcsse.<\/p>\n<p data-manual=\"paragraph\" data-schema-org-speakable=\"true\" class=\"css-1ylqqlw\"><strong>Innt\u00f6ne Jazzfestival, Freitag bis Sonntag, 18. bis 20. Juli, Diersbach, <\/strong><strong><a href=\"http:\/\/www.inntoene.com\/\" target=\"_blank\" rel=\"noopener\">www.inntoene.com<\/a><\/strong><\/p>\n<p>Internationale Stars im Vorort: Unterf\u00f6hring<img decoding=\"async\" alt=\"Michael Mayo gewann 2022 den Deutschen Jazzpreis. Nach Unterf\u00f6hring kommt er mit dem hochgelobten Quartett \u201eFly\u201c.\" data-manual=\"overline, headerImageCaption, headerImageSrc, headerImageSrcSet\" data-testid=\"responsive-image\" loading=\"lazy\"  src=\"https:\/\/www.europesays.com\/de\/wp-content\/uploads\/2025\/07\/a81af460-e867-4aa1-ae49-629209795e9b.jpeg\"  role=\"button\" tabindex=\"0\" class=\"css-y4bre2\"\/>Michael Mayo gewann 2022 den Deutschen Jazzpreis. Nach Unterf\u00f6hring kommt er mit dem hochgelobten Quartett \u201eFly\u201c. (Foto: Oliver Hochkeppel)<\/p>\n<p data-manual=\"paragraph\" data-schema-org-speakable=\"true\" class=\"css-1ylqqlw\">Leider genau parallel zu den Innt\u00f6nen l\u00e4uft in diesem Jahr das \u201eInternationale Jazz-Weekend <a href=\"https:\/\/www.sueddeutsche.de\/thema\/Unterf%C3%B6hring\" target=\"_blank\" rel=\"noopener\">Unterf\u00f6hring<\/a>\u201c, das sich vor allem viele M\u00fcnchner seit Jahren im Terminkalender vormerken. Denn seit der M\u00fcnchner Bassist Harald Scharf 2014 die Leitung \u00fcbernahm, ist ein Besuch im opulenten B\u00fcrgerhaus direkt vor den Toren der Stadt nahezu Pflicht. Stets sind klangvolle Namen \u2013 und noch wichtiger: exzellente Musiker \u2013 zu Gast. Das ging schon 2014 mit Tom Harrell und Esperanza Spalding los, sp\u00e4ter kamen unter anderem Teri Lynn Carrington mit China Moses, Dianne Reeves, zuletzt unter anderem Lizz Wright oder Bill Frisell.<\/p>\n<p data-manual=\"paragraph\" data-schema-org-speakable=\"true\" class=\"css-1ylqqlw\">In dieselbe h\u00f6chste Kategorie f\u00e4llt diesmal am Samstag der S\u00e4nger Michael Mayo, der 2022 den Deutschen Jazzpreis als \u201ebester K\u00fcnstler international\u201c gewann. Er kommt mit seinem neuen, hochgelobten Quartett Fly, das sich nicht zuletzt mit der Musik von Mayos Mentor Herbie Hancock besch\u00e4ftigt. Und am Sonntag ist mit dem Trompeter Ambrose Akinmusire einer der prominentesten Jazz-Innovatoren der j\u00fcngeren Zeit zu Gast. Einen Rang, den er in Unterf\u00f6hring mit dem Projekt \u201eHoney in a Winterstorm\u201c unterstreicht. Ein intensives Programm zwischen Jazz, Modern Music und Spoken Word, zelebriert von einem Nonett mit Streichquartett und Rapper wird zum Nachdenken \u00fcber unsere Zeit anregen.<\/p>\n<p data-manual=\"paragraph\" data-schema-org-speakable=\"true\" class=\"css-1ylqqlw\">Ebenfalls schon traditionell geht es aber am Donnerstag mit einem Kinderkonzert los. Die Jazzbande von\u00a0Frank Wuppinger und Marco K\u00fchnl \u2013 selbst h\u00f6chst erfolgreiche Festivalmacher des \u201eNueJazz\u201c in N\u00fcrnberg \u2013 l\u00e4dt zum Jazz-Quiz. Und der\u00a0Freitag geh\u00f6rt wieder einer echten Entdeckung: die Franz\u00f6sin Sophye Soliveau, die das Harfenspiel in die gesamte schwarze Musik \u00fcberf\u00fchrt und revolutioniert hat.<\/p>\n<p data-manual=\"paragraph\" data-schema-org-speakable=\"true\" class=\"css-1ylqqlw\"><strong>Internationales Jazz-Weekend Unterf\u00f6hring, Donnerstag bis Sonntag, 17. bis 20. Juli, B\u00fcrgerhaus Unterf\u00f6hring, <\/strong><strong><a href=\"http:\/\/www.unterfoehring.de\/\" target=\"_blank\" rel=\"noopener\">www.unterfoehring.de<\/a><\/strong><\/p>\n","protected":false},"excerpt":{"rendered":"Neuer Schwung f\u00fcr die Renaissance-Perle: LandshutDie heimlichen Headliner des Festivals: David Helbock und Julia Hofer. (Foto: Severin Koller)&hellip;\n","protected":false},"author":2,"featured_media":233809,"comment_status":"","ping_status":"","sticky":false,"template":"","format":"standard","meta":{"footnotes":""},"categories":[1846],"tags":[680,772,3364,29,548,663,3934,30,13,14084,20530,2527,45467,1268,810,14,15,5524,9465,12946,12,7727,149,11383],"class_list":{"0":"post-233808","1":"post","2":"type-post","3":"status-publish","4":"format-standard","5":"has-post-thumbnail","7":"category-augsburg","8":"tag-augsburg","9":"tag-bayern","10":"tag-de","11":"tag-deutschland","12":"tag-eu","13":"tag-europa","14":"tag-europe","15":"tag-germany","16":"tag-headlines","17":"tag-jazz","18":"tag-kultur-in-bayern","19":"tag-landkreis-muenchen","20":"tag-landshut","21":"tag-muenchen","22":"tag-musik","23":"tag-nachrichten","24":"tag-news","25":"tag-niederbayern","26":"tag-oberpfalz","27":"tag-regensburg","28":"tag-schlagzeilen","29":"tag-schwaben","30":"tag-sueddeutsche-zeitung","31":"tag-unterfoehring"},"share_on_mastodon":{"url":"https:\/\/pubeurope.com\/@de\/114778111201856996","error":""},"_links":{"self":[{"href":"https:\/\/www.europesays.com\/de\/wp-json\/wp\/v2\/posts\/233808","targetHints":{"allow":["GET"]}}],"collection":[{"href":"https:\/\/www.europesays.com\/de\/wp-json\/wp\/v2\/posts"}],"about":[{"href":"https:\/\/www.europesays.com\/de\/wp-json\/wp\/v2\/types\/post"}],"author":[{"embeddable":true,"href":"https:\/\/www.europesays.com\/de\/wp-json\/wp\/v2\/users\/2"}],"replies":[{"embeddable":true,"href":"https:\/\/www.europesays.com\/de\/wp-json\/wp\/v2\/comments?post=233808"}],"version-history":[{"count":0,"href":"https:\/\/www.europesays.com\/de\/wp-json\/wp\/v2\/posts\/233808\/revisions"}],"wp:featuredmedia":[{"embeddable":true,"href":"https:\/\/www.europesays.com\/de\/wp-json\/wp\/v2\/media\/233809"}],"wp:attachment":[{"href":"https:\/\/www.europesays.com\/de\/wp-json\/wp\/v2\/media?parent=233808"}],"wp:term":[{"taxonomy":"category","embeddable":true,"href":"https:\/\/www.europesays.com\/de\/wp-json\/wp\/v2\/categories?post=233808"},{"taxonomy":"post_tag","embeddable":true,"href":"https:\/\/www.europesays.com\/de\/wp-json\/wp\/v2\/tags?post=233808"}],"curies":[{"name":"wp","href":"https:\/\/api.w.org\/{rel}","templated":true}]}}