{"id":233959,"date":"2025-07-01T14:24:14","date_gmt":"2025-07-01T14:24:14","guid":{"rendered":"https:\/\/www.europesays.com\/de\/233959\/"},"modified":"2025-07-01T14:24:14","modified_gmt":"2025-07-01T14:24:14","slug":"zwischen-datenschutz-und-sicherheit-ludwigshafen-diskutiert-videoueberwachung-ludwigshafen-mannheim","status":"publish","type":"post","link":"https:\/\/www.europesays.com\/de\/233959\/","title":{"rendered":"Zwischen Datenschutz und Sicherheit: Ludwigshafen diskutiert Video\u00fcberwachung &#8211; Ludwigshafen\/Mannheim"},"content":{"rendered":"<p class=\"rhp-dpa-teaser\"><b>Sollen zentrale Pl\u00e4tze in Ludwigshafen mit Videokameras \u00fcberwacht werden? Was in Mannheim erprobt wird, k\u00f6nnte als Vorbild f\u00fcr die Nachbarstadt dienen.<\/b><\/p>\n<p>  Die Stadtratsfraktionen von CDU und <a class=\"rtr-entity\" data-rtr-entity=\"Freie W\u00e4hler\" data-rtr-id=\"86e5f3edc0fa470be64a1b3f919b834d248c7111\" data-rtr-score=\"44.723346828609984\" data-rtr-etype=\"organisation\" data-rtr-index=\"58\" href=\"https:\/\/www.rheinpfalz.de\/themen\/fw\" rel=\"nofollow noopener\" target=\"_blank\">FWG<\/a> <\/p>\n<p class=\"\">Bitte loggen Sie sich ein um den Artikel im Klartext zu sehen.<\/p>\n<p class=\"\">neodrfr fum;r&amp;lu hawsniegdLfu iene naretelz &amp;alnbudiehuuegwmro;cV ahcn hreaenMinm .iorVldb seersnBdo iebad mi ouF:ks erd renrliBe Pztal dun dei sueggzw&amp;lid.Lt;iars doub;r&amp;iqW nehab ine ebrPolm in rde y.Cit Gedrea tsi drot nei &amp;iej9a-l;mur0rhg nMna ;llflubneu&amp;rmea nud aeagusburt .roewnd<\/p>\n","protected":false},"excerpt":{"rendered":"Sollen zentrale Pl\u00e4tze in Ludwigshafen mit Videokameras \u00fcberwacht werden? Was in Mannheim erprobt wird, k\u00f6nnte als Vorbild f\u00fcr&hellip;\n","protected":false},"author":2,"featured_media":233960,"comment_status":"","ping_status":"","sticky":false,"template":"","format":"standard","meta":{"footnotes":"","_share_on_mastodon":"0"},"categories":[1845],"tags":[24786,1634,31,73570,3364,29,73571,548,663,3934,16950,30,13,4060,25476,51003,2096,49573,14,15,121,1756,12,22954,184],"class_list":["post-233959","post","type-post","status-publish","format-standard","has-post-thumbnail","category-mannheim","tag-andreas-schwarz","tag-baden-wuerttemberg","tag-cdu","tag-christoph-heller","tag-de","tag-deutschland","tag-dieter-kugelmann","tag-eu","tag-europa","tag-europe","tag-freie-waehler","tag-germany","tag-headlines","tag-lokal","tag-ludwigshafen","tag-ludwigstrasse","tag-mannheim","tag-markus-sandmann","tag-nachrichten","tag-news","tag-polizei","tag-rheinland-pfalz","tag-schlagzeilen","tag-schutz","tag-spd"],"share_on_mastodon":{"url":"https:\/\/pubeurope.com\/@de\/114778437517053801","error":""},"_links":{"self":[{"href":"https:\/\/www.europesays.com\/de\/wp-json\/wp\/v2\/posts\/233959","targetHints":{"allow":["GET"]}}],"collection":[{"href":"https:\/\/www.europesays.com\/de\/wp-json\/wp\/v2\/posts"}],"about":[{"href":"https:\/\/www.europesays.com\/de\/wp-json\/wp\/v2\/types\/post"}],"author":[{"embeddable":true,"href":"https:\/\/www.europesays.com\/de\/wp-json\/wp\/v2\/users\/2"}],"replies":[{"embeddable":true,"href":"https:\/\/www.europesays.com\/de\/wp-json\/wp\/v2\/comments?post=233959"}],"version-history":[{"count":0,"href":"https:\/\/www.europesays.com\/de\/wp-json\/wp\/v2\/posts\/233959\/revisions"}],"wp:featuredmedia":[{"embeddable":true,"href":"https:\/\/www.europesays.com\/de\/wp-json\/wp\/v2\/media\/233960"}],"wp:attachment":[{"href":"https:\/\/www.europesays.com\/de\/wp-json\/wp\/v2\/media?parent=233959"}],"wp:term":[{"taxonomy":"category","embeddable":true,"href":"https:\/\/www.europesays.com\/de\/wp-json\/wp\/v2\/categories?post=233959"},{"taxonomy":"post_tag","embeddable":true,"href":"https:\/\/www.europesays.com\/de\/wp-json\/wp\/v2\/tags?post=233959"}],"curies":[{"name":"wp","href":"https:\/\/api.w.org\/{rel}","templated":true}]}}