{"id":234117,"date":"2025-07-01T15:49:10","date_gmt":"2025-07-01T15:49:10","guid":{"rendered":"https:\/\/www.europesays.com\/de\/234117\/"},"modified":"2025-07-01T15:49:10","modified_gmt":"2025-07-01T15:49:10","slug":"gut-erkennbare-fahndungsfotos-bielefelder-polizei-sucht-kosmetik-langfinger","status":"publish","type":"post","link":"https:\/\/www.europesays.com\/de\/234117\/","title":{"rendered":"Gut erkennbare Fahndungsfotos: Bielefelder Polizei sucht Kosmetik-Langfinger"},"content":{"rendered":"<p id=\"absatz1\" class=\"em_text\">Bielefeld. Die Bielefelder Polizei sucht nun mit zwei sehr gut erkennbaren Fotos zwei Tatverd\u00e4chtige, die im Dezember 2024 aus einem Rossmann-Drogeriemarkt an der Hillegosser Stra\u00dfe hochwertige Kosmetika gestohlen haben sollen.<\/p>\n<p id=\"absatz2\" class=\"em_text\">Nachdem alle anderen Ermittlungsans\u00e4tze zur Ergreifung der Ladendiebe erfolglos geblieben waren, fragt die Kriminalpolizei nun die \u00d6ffentlichkeit: \u201eWer kennt diese M\u00e4nner?\u201c<\/p>\n<p id=\"absatz4\">\ud83d\udcf1 <b class=\"TextRun SCXW76579856 BCX0 NormalTextRun SCXW76579856 BCX0 bold\">News direkt aufs Smartphone: <\/b><a href=\"https:\/\/whatsapp.com\/channel\/0029VaeYHJ40Qeam4DWyn109\" rel=\"noreferrer noopener\" target=\"_blank\">Hier finden Sie den kostenlosen Whatsapp-Kanal der NW-Bielefeld<\/a><\/p>\n<p>        <a href=\"https:\/\/www.nw.de\/_em_daten\/_cache\/image\/1xTnpOdFVUTFlNQ0xzazBaVXZydk1EYVl0cjFOcGQrclJWNkpoNncyeEg2a3UwRWlseTlRMStDMEp3cHlEUVhkSlpDSERtZThodlBPM1ZMb09JVjFxa1E9PQ\/250701-1715-632804499.jpg\" class=\"nw-article-image\" title=\"Diese beiden jungen M\u00e4nner werden aktuell von der Polizei gesucht.\" data-glightbox=\"type: image; description: Diese beiden jungen M\u00e4nner werden aktuell von der Polizei gesucht.  | \u00a9 Polizei \" target=\"_blank\" rel=\"noopener\"><br \/>\n            <img decoding=\"async\" src=\"https:\/\/www.europesays.com\/de\/wp-content\/uploads\/2025\/07\/250701-1715-632804499.jpg\" class=\"nw-img-fluid nw-w-full nw-lazy nw-rounded-t-md\" alt=\"Diese beiden jungen M\u00e4nner werden aktuell von der Polizei gesucht. - \u00a9 Polizei\" data-format=\"16:9\"\/><br \/>\n        <\/a><\/p>\n<p>                Diese beiden jungen M\u00e4nner werden aktuell von der Polizei gesucht.<br \/>\n                                    | \u00a9 Polizei<\/p>\n<p id=\"absatz5\" class=\"em_text\">Was war passiert? Am Dienstag, 10. Dezember 2024, betraten zwei M\u00e4nner gegen 18.35 Uhr die Rossmann-Filiale im Bereich zwischen Salzufler Stra\u00dfe und Hassebrock. Im Gesch\u00e4ft nahmen sie diverse hochwertige Kosmetikartikel an sich und verlie\u00dfen das Gesch\u00e4ft mit dem Diebesgut zun\u00e4chst unbemerkt.<\/p>\n<p>Bielefelder Ermittlungsrichter stimmt Ver\u00f6ffentlichung der Fotos zu<\/p>\n<p id=\"absatz6\" class=\"em_text\">Bisherige Ermittlungen der Polizei haben bisher nicht zur Identifizierung der zwei Tatverd\u00e4chtigen gef\u00fchrt. Aus diesem Grund hat nun ein Ermittlungsrichter der Ver\u00f6ffentlichung von Fotos zugestimmt. Die erstaunlich guten Fotos stammen von den \u00dcberwachungskameras des Ladengesch\u00e4fts.<\/p>\n<p id=\"absatz7\" class=\"em_text\">Zeugen, die Hinweise zur Identit\u00e4t der beiden abgebildeten jungen M\u00e4nner oder zu ihrem Aufenthaltsort machen k\u00f6nnen, melden sich beim Kriminalkommissariat 13 unter Tel. 0521 5450.<\/p>\n<p id=\"absatz8\"><b class=\"bold\">Auch interessant<\/b>: <a href=\"https:\/\/www.nw.de\/lokal\/bielefeld\/mitte\/24128991_Bielefelds-spektakulaeres-Restaurant-Glueck-und-Seligkeit-schliesst-voruebergehend.html\" target=\"_blank\" rel=\"noopener\">Bielefelds spektakul\u00e4res Restaurant \u201eGl\u00fcck und Seligkeit\u201c schlie\u00dft vor\u00fcbergehend<\/a> <\/p>\n","protected":false},"excerpt":{"rendered":"Bielefeld. Die Bielefelder Polizei sucht nun mit zwei sehr gut erkennbaren Fotos zwei Tatverd\u00e4chtige, die im Dezember 2024&hellip;\n","protected":false},"author":2,"featured_media":234118,"comment_status":"","ping_status":"","sticky":false,"template":"","format":"standard","meta":{"footnotes":""},"categories":[1841],"tags":[33059,1605,3364,29,30829,123,7550,30,73620,11062,983,16392,1611,1606,1608,44679,734,736,16384,1613,16395,1209,121,16722,16721,672],"class_list":{"0":"post-234117","1":"post","2":"type-post","3":"status-publish","4":"format-standard","5":"has-post-thumbnail","7":"category-bielefeld","8":"tag-ffentlichkeitsfahndung","9":"tag-bielefeld","10":"tag-de","11":"tag-deutschland","12":"tag-drogerie","13":"tag-fahndungsfoto","14":"tag-fotofahndung","15":"tag-germany","16":"tag-hillegosser-strae","17":"tag-kosmetik","18":"tag-kripo","19":"tag-label_blaulicht","20":"tag-label_informiere-mich","21":"tag-label_m-80","22":"tag-label_top-news","23":"tag-ladendieb","24":"tag-meta_artikelklasse_nachricht","25":"tag-meta_copyrights_nw","26":"tag-meta_themen_blaulicht_sicherheit","27":"tag-meta_userneeds_informieremich","28":"tag-neue-westflische","29":"tag-nordrhein-westfalen","30":"tag-polizei","31":"tag-polizei-bielefeld","32":"tag-polizeibericht-bielefeld","33":"tag-whatsapp"},"share_on_mastodon":{"url":"","error":"Validation failed: Text character limit of 500 exceeded"},"_links":{"self":[{"href":"https:\/\/www.europesays.com\/de\/wp-json\/wp\/v2\/posts\/234117","targetHints":{"allow":["GET"]}}],"collection":[{"href":"https:\/\/www.europesays.com\/de\/wp-json\/wp\/v2\/posts"}],"about":[{"href":"https:\/\/www.europesays.com\/de\/wp-json\/wp\/v2\/types\/post"}],"author":[{"embeddable":true,"href":"https:\/\/www.europesays.com\/de\/wp-json\/wp\/v2\/users\/2"}],"replies":[{"embeddable":true,"href":"https:\/\/www.europesays.com\/de\/wp-json\/wp\/v2\/comments?post=234117"}],"version-history":[{"count":0,"href":"https:\/\/www.europesays.com\/de\/wp-json\/wp\/v2\/posts\/234117\/revisions"}],"wp:featuredmedia":[{"embeddable":true,"href":"https:\/\/www.europesays.com\/de\/wp-json\/wp\/v2\/media\/234118"}],"wp:attachment":[{"href":"https:\/\/www.europesays.com\/de\/wp-json\/wp\/v2\/media?parent=234117"}],"wp:term":[{"taxonomy":"category","embeddable":true,"href":"https:\/\/www.europesays.com\/de\/wp-json\/wp\/v2\/categories?post=234117"},{"taxonomy":"post_tag","embeddable":true,"href":"https:\/\/www.europesays.com\/de\/wp-json\/wp\/v2\/tags?post=234117"}],"curies":[{"name":"wp","href":"https:\/\/api.w.org\/{rel}","templated":true}]}}