{"id":234160,"date":"2025-07-01T16:13:12","date_gmt":"2025-07-01T16:13:12","guid":{"rendered":"https:\/\/www.europesays.com\/de\/234160\/"},"modified":"2025-07-01T16:13:12","modified_gmt":"2025-07-01T16:13:12","slug":"ein-offline-shop-fuer-die-dresdner-neustadt","status":"publish","type":"post","link":"https:\/\/www.europesays.com\/de\/234160\/","title":{"rendered":"Ein Offline-Shop f\u00fcr die Dresdner Neustadt"},"content":{"rendered":"<p>Es tut sich was, in den pr\u00e4chtigen R\u00e4umen des Hauses in der K\u00f6nigsbr\u00fccker Stra\u00dfe 38. Vor ein paar Wochen schon ist die Dresdner Niederlassung der Nortal AG eingezogen. Das Unternehmen aus Estland ber\u00e4t Firmen und Beh\u00f6rden bei der digitalen Transformation und residiert im Obergeschoss. Nun soll auch das Erdgeschoss belebt werden. Der Offline-Shop wird einziehen. Die Er\u00f6ffnung ist im September geplant.<br \/>\n<img fetchpriority=\"high\" decoding=\"async\" src=\"https:\/\/www.europesays.com\/de\/wp-content\/uploads\/2025\/07\/2025-06-24-Offlineshop1.jpg\" alt=\"Aram Haydeyan, Stefanie Z\u00fa\u00f1iga Chongo und Yvonne Bonfert auf der Prachttreppe im Erdgeschoss des k\u00fcnftigen Offline-Shops. Foto: Anton Launer\" width=\"2400\" height=\"1350\" class=\"size-full wp-image-228637\"  \/>Aram Haydeyan, Stefanie Z\u00fa\u00f1iga Chongo und Yvonne Bonfert auf der Prachttreppe im Erdgeschoss des k\u00fcnftigen Offline-Shops. Foto: Anton Launer\n<\/p>\n<p>Offline-Shop \u2013 das ist wie ein Online-Shop nur krasser, weil vor Ort. Das Konzept poppte schon vor zwei Jahren auf, damals auf der Hauptstra\u00dfe und mit F\u00f6rderung durch die Stadt (Fazit im <a href=\"https:\/\/www.neustadt-ticker.de\/217684\/aktuell\/dresdens-projekt-kreativ-raum-boerse-abgeschlossen\" target=\"_blank\" rel=\"noopener\">Neustadt-Gefl\u00fcster vom 24. Januar 2025<\/a>). Schon damals entstand die Idee, den Offline-Shop dauerhaft zu betreiben. \u201eWir verstehen uns als Raum f\u00fcr kreative Produkte, Workshops und Kulturveranstaltungen\u201c, sagt Yvonne Bonfert. Mit mehreren Mitstreiter*innen hat sie nun extra f\u00fcr das Projekt eine Genossenschaft gegr\u00fcndet.\n<\/p>\n<p>\u201eDas Konzept ist ausgefeilter, wir haben ein wirtschaftliches Konzept, werden jetzt ohne F\u00f6rderung klarkommen\u201c, sagt Stefanie Z\u00fa\u00f1iga Chongo, Co-Vorst\u00e4ndin in der Genossenschaft engagiert. Es wird viel Kunst geben, aber auch Bekleidung und Schmuck. \u201eGeplant ist ein Mietmodell\u201c, sagt Bonfert. Die K\u00fcnstler*innen oder Designer*innen k\u00f6nnen sich f\u00fcr drei oder sechs Monate einmieten und k\u00f6nnen dann ihre Produkte im Gesch\u00e4ft anbieten. Daf\u00fcr m\u00fcssen sie nicht dauerhaft vor Ort sein, die Abrechnung l\u00e4uft dann \u00fcber die Genossenschaft.<br \/>\n<img loading=\"lazy\" decoding=\"async\" src=\"https:\/\/www.europesays.com\/de\/wp-content\/uploads\/2025\/07\/2025-07-01-HO-Kaufhaus.jpg\" alt=\"K\u00f6nigsbr\u00fccker Stra\u00dfe 38, Wohn- und Gesch\u00e4ftshaus, ehemaliges Wohnhaus von Erich K\u00e4stner | Foto: Walter M\u00f6bius, Digitalisierung: Deutsche Fotothek \" width=\"1123\" height=\"1506\" class=\"size-full wp-image-228640\"  \/>Dresden-Neustadt, K\u00f6nigsbr\u00fccker Stra\u00dfe 38, Wohn- und Gesch\u00e4ftshaus, ehemaliges Wohnhaus von Erich K\u00e4stner | Foto: Walter M\u00f6bius | Digitalisierung: <a target=\"_blank\" href=\"https:\/\/www.deutsche-digitale-bibliothek.de\/item\/C4VRYFO3XUFKNVS76DXCTJZKMRYLJRSI\" rel=\"noopener\">Deutsche Fotothek<\/a> | Lizenz: <a target=\"_blank\" href=\"http:\/\/creativecommons.org\/licenses\/by-sa\/4.0\/\" rel=\"noopener\">CC 4.0 International<\/a>\n<\/p>\n<p>Haus mit Geschichte<\/p>\n<p>Auf der Suche nach geeigneten R\u00e4umen war ihnen die K\u00f6nigsbr\u00fccker Stra\u00dfe 38 schon vor einer Weile aufgefallen. In dem Haus hat im zweiten Obergeschoss einst der junge Erich K\u00e4stner gewohnt. Zu DDR-Zeiten war hier auf 600 Quadratmetern ein HO Kaufhaus mit pr\u00e4chtiger Innentreppe. Nach der Wende er\u00f6ffnete hier Sport-Barthel seinen Sportmarkt, danach \u00fcbernahm Sascha Menger mit dem <a href=\"https:\/\/www.neustadt-ticker.de\/4860\/aktuell\/geruechte\/bikeland-goes-konigsbrucker\" target=\"_blank\" rel=\"noopener\">Bikeland<\/a>, dann <a href=\"https:\/\/www.neustadt-ticker.de\/40669\/aktuell\/nachrichten\/bike24-uebernimmt-das-ehemalige-bikeland\" target=\"_blank\" rel=\"noopener\">Bike 24<\/a>. Seit <a href=\"https:\/\/www.neustadt-ticker.de\/152947\/aktuell\/bike24-schliesst-filiale-in-der-neustadt\" target=\"_blank\" rel=\"noopener\">2020<\/a> standen die R\u00e4ume, abgesehen von einer Zwischennutzung durch den Optiker Fielmann, leer. <\/p>\n<p>Das Objekt fiel bei den Coworking-Spezialisten von Ljnk auf. Aram Haydeyan, Gesch\u00e4ftsf\u00fchrer bei Ljnk, hatte bereits gute Kontakte zu Nortal, dann war es bis zum Mietvertrag nicht mehr weit.\n<\/p>\n<p>Betreiber f\u00fcr Caf\u00e9 gesucht<\/p>\n<p>Aber etwas fehlt noch: \u201eEin Caf\u00e9 zum Verweilen \u2013 in den neuen, gr\u00f6\u00dferen R\u00e4umen wollen wir das endlich realisieren\u201c, sagt Bonfert. Daf\u00fcr sucht die Genossenschaft nun nach einem Caf\u00e9-Betreiber. Das Caf\u00e9 soll Platz f\u00fcr ca. 60 G\u00e4ste bieten, auch der Bereich auf dem Fu\u00dfweg kann genutzt werden. Sanit\u00e4rr\u00e4ume sind vorhanden. Eine detaillierte Ausschreibung gibt es als PDF auf den <a target=\"_blank\" href=\"https:\/\/www.offlineshop-dresden.de\/wp-content\/uploads\/2025\/06\/Cafe-Ausschreibung-Offline-Shop.pdf\" rel=\"noopener\">Seiten des Offline-Shops<\/a>. Gesucht wird ein Gastronom, bei dem der Funke zur Kultur \u00fcberspringt.\n<\/p>\n<p>Weitere Informationen<\/p>\n<p><img loading=\"lazy\" decoding=\"async\" src=\"https:\/\/www.europesays.com\/de\/wp-content\/uploads\/2025\/07\/2025-06-24-KoebrueMagazin.jpg\" alt=\"In das ehemalige HO Kaufhaus zieht nun der Offline-Shop ein. Foto: Anton Launer\" width=\"2400\" height=\"1350\" class=\"size-full wp-image-228639\"  \/>In das ehemalige HO Kaufhaus zieht nun der Offline-Shop ein. Foto: Anton Launer<\/p>\n<p>\u00c4hnliche Beitr\u00e4ge vergangener Tage<\/p>\n","protected":false},"excerpt":{"rendered":"Es tut sich was, in den pr\u00e4chtigen R\u00e4umen des Hauses in der K\u00f6nigsbr\u00fccker Stra\u00dfe 38. Vor ein paar&hellip;\n","protected":false},"author":2,"featured_media":234161,"comment_status":"","ping_status":"","sticky":false,"template":"","format":"standard","meta":{"footnotes":""},"categories":[1835],"tags":[3364,29,2386,30,73627,4229,73628,859],"class_list":{"0":"post-234160","1":"post","2":"type-post","3":"status-publish","4":"format-standard","5":"has-post-thumbnail","7":"category-dresden","8":"tag-de","9":"tag-deutschland","10":"tag-dresden","11":"tag-germany","12":"tag-koenigsbruecker-strasse","13":"tag-neustadt","14":"tag-offline-shop","15":"tag-sachsen"},"share_on_mastodon":{"url":"https:\/\/pubeurope.com\/@de\/114778866191130263","error":""},"_links":{"self":[{"href":"https:\/\/www.europesays.com\/de\/wp-json\/wp\/v2\/posts\/234160","targetHints":{"allow":["GET"]}}],"collection":[{"href":"https:\/\/www.europesays.com\/de\/wp-json\/wp\/v2\/posts"}],"about":[{"href":"https:\/\/www.europesays.com\/de\/wp-json\/wp\/v2\/types\/post"}],"author":[{"embeddable":true,"href":"https:\/\/www.europesays.com\/de\/wp-json\/wp\/v2\/users\/2"}],"replies":[{"embeddable":true,"href":"https:\/\/www.europesays.com\/de\/wp-json\/wp\/v2\/comments?post=234160"}],"version-history":[{"count":0,"href":"https:\/\/www.europesays.com\/de\/wp-json\/wp\/v2\/posts\/234160\/revisions"}],"wp:featuredmedia":[{"embeddable":true,"href":"https:\/\/www.europesays.com\/de\/wp-json\/wp\/v2\/media\/234161"}],"wp:attachment":[{"href":"https:\/\/www.europesays.com\/de\/wp-json\/wp\/v2\/media?parent=234160"}],"wp:term":[{"taxonomy":"category","embeddable":true,"href":"https:\/\/www.europesays.com\/de\/wp-json\/wp\/v2\/categories?post=234160"},{"taxonomy":"post_tag","embeddable":true,"href":"https:\/\/www.europesays.com\/de\/wp-json\/wp\/v2\/tags?post=234160"}],"curies":[{"name":"wp","href":"https:\/\/api.w.org\/{rel}","templated":true}]}}