{"id":234180,"date":"2025-07-01T16:24:23","date_gmt":"2025-07-01T16:24:23","guid":{"rendered":"https:\/\/www.europesays.com\/de\/234180\/"},"modified":"2025-07-01T16:24:23","modified_gmt":"2025-07-01T16:24:23","slug":"hitze-bahn-nrw-klimaanlagen-ausfaelle-und-zugverspaetungen","status":"publish","type":"post","link":"https:\/\/www.europesays.com\/de\/234180\/","title":{"rendered":"Hitze Bahn NRW: Klimaanlagen-Ausf\u00e4lle und Zugversp\u00e4tungen"},"content":{"rendered":"<p class=\"text_ohne_einzug richtext text-em-55 !leading-serif mx-6 desktop:mx-0\">Die <a href=\"https:\/\/rp-online.de\/thema\/hitzewelle\/\" target=\"_blank\" rel=\"noopener\">Hitzewelle<\/a> setzt den Bahnunternehmen in NRW zu. <a href=\"https:\/\/rp-online.de\/nrw\/staedte\/geldern\/nierderrhein-fahrten-beim-re10-falle-wegen-hitze-aus_aid-130294637\" target=\"_blank\" rel=\"noopener\">Bei der Niersbahn am Niederrhein wurde am Dienstag jede zweite Fahrt gestrichen<\/a>, weil Klimaanlagen ausfielen. Die <a href=\"https:\/\/rp-online.de\/thema\/deutsche-bahn\/\" target=\"_blank\" rel=\"noopener\">Deutsche Bahn<\/a> erkl\u00e4rte auf Anfrage, ihr seien \u201ekeine gr\u00f6\u00dferen hitzebedingten St\u00f6rungen\u201c im NRW-Netz bekannt. Die Klimaanlagen in vielen <a href=\"https:\/\/rp-online.de\/thema\/ice\/\" target=\"_blank\" rel=\"noopener\">ICE<\/a> und Regionalz\u00fcgen seien verbessert worden, so ein Sprecher. Wom\u00f6glich entspannt es die Lage etwas, dass viele Pendler wegen der hohen Temperaturen im Homeoffice blieben.<\/p>\n","protected":false},"excerpt":{"rendered":"Die Hitzewelle setzt den Bahnunternehmen in NRW zu. Bei der Niersbahn am Niederrhein wurde am Dienstag jede zweite&hellip;\n","protected":false},"author":2,"featured_media":234031,"comment_status":"","ping_status":"","sticky":false,"template":"","format":"standard","meta":{"footnotes":""},"categories":[1831],"tags":[3364,29,3405,30,73586,1209,58479],"class_list":{"0":"post-234180","1":"post","2":"type-post","3":"status-publish","4":"format-standard","5":"has-post-thumbnail","7":"category-duesseldorf","8":"tag-de","9":"tag-deutschland","10":"tag-duesseldorf","11":"tag-germany","12":"tag-kowalewsky","13":"tag-nordrhein-westfalen","14":"tag-reinhard"},"share_on_mastodon":{"url":"https:\/\/pubeurope.com\/@de\/114778909180208165","error":""},"_links":{"self":[{"href":"https:\/\/www.europesays.com\/de\/wp-json\/wp\/v2\/posts\/234180","targetHints":{"allow":["GET"]}}],"collection":[{"href":"https:\/\/www.europesays.com\/de\/wp-json\/wp\/v2\/posts"}],"about":[{"href":"https:\/\/www.europesays.com\/de\/wp-json\/wp\/v2\/types\/post"}],"author":[{"embeddable":true,"href":"https:\/\/www.europesays.com\/de\/wp-json\/wp\/v2\/users\/2"}],"replies":[{"embeddable":true,"href":"https:\/\/www.europesays.com\/de\/wp-json\/wp\/v2\/comments?post=234180"}],"version-history":[{"count":0,"href":"https:\/\/www.europesays.com\/de\/wp-json\/wp\/v2\/posts\/234180\/revisions"}],"wp:featuredmedia":[{"embeddable":true,"href":"https:\/\/www.europesays.com\/de\/wp-json\/wp\/v2\/media\/234031"}],"wp:attachment":[{"href":"https:\/\/www.europesays.com\/de\/wp-json\/wp\/v2\/media?parent=234180"}],"wp:term":[{"taxonomy":"category","embeddable":true,"href":"https:\/\/www.europesays.com\/de\/wp-json\/wp\/v2\/categories?post=234180"},{"taxonomy":"post_tag","embeddable":true,"href":"https:\/\/www.europesays.com\/de\/wp-json\/wp\/v2\/tags?post=234180"}],"curies":[{"name":"wp","href":"https:\/\/api.w.org\/{rel}","templated":true}]}}