{"id":234212,"date":"2025-07-01T16:41:14","date_gmt":"2025-07-01T16:41:14","guid":{"rendered":"https:\/\/www.europesays.com\/de\/234212\/"},"modified":"2025-07-01T16:41:14","modified_gmt":"2025-07-01T16:41:14","slug":"ein-niemand-zoff-mit-tinush-eskaliert-oeffentlich","status":"publish","type":"post","link":"https:\/\/www.europesays.com\/de\/234212\/","title":{"rendered":"&#8222;Ein Niemand!&#8220; Zoff mit Tinush eskaliert \u00f6ffentlich"},"content":{"rendered":"<p>Sarah-Jane Wollny<br \/>\n&#8222;Mir fehlen die Worte&#8220;: Fieser Schlagabtausch mit Ex-Freund Tinush<\/p>\n<p><img class=\"image image-element__image\"   src=\"https:\/\/www.europesays.com\/de\/wp-content\/uploads\/2025\/07\/sarah-jane-wollny-aufmacher.jpg\" alt=\"Sarah-Jane Wollny und Tinush Nasri vor ihrer Trennung 2024\" decoding=\"async\" fetchpriority=\"high\" loading=\"eager\"\/><br \/>\n<a href=\"https:\/\/image.vip.de\/24409954\/t\/VI\/v2\/w2048\/r1.5\/-\/sarah-jane-wollny-aufmacher.jpg#Kimberly%20Sch%C3%A4fer%20%2F%20RTL\" class=\"image__magnifier\" aria-label=\"Vergr\u00f6\u00dfern\" rel=\"nofollow noopener\" target=\"_blank\"><\/p>\n<p>\n Sarah-Jane Wollny und Tinush Nasri vor ihrer Trennung 2024 <\/p>\n<p>\u00a9 Kimberly Sch\u00e4fer \/ RTL<\/p>\n<p>\nDie Promi-News des Tages im VIP.de-Ticker: Sarah-Jane Wollny und Ex-Freund Tinush f\u00fchren Streit \u00f6ffentlich aus +++ W\u00e4hrend es seit Tagen still um Nikola Glumac geworden ist, meldet sich nun seine Ex zu Wort +++ Kim Virginia will endg\u00fcltigen Schlussstrich ziehen und verl\u00e4sst Dubai.\n<\/p>\n<p>Die Promi-News des Tages im VIP.de-Ticker<\/p>\n<p>1. Juli 2025<\/p>\n<p>Streit zwischen Sarah-Jane Wollny und Ex Tinush eskaliert<\/p>\n<p class=\"text-element u-richtext u-typo u-typo--article-text article__text-element text-element--context-article\"> Sarah-Jane Wollny, 26, und Tinush Nasri, 27, leisten sich einen \u00f6ffentlichen Schlagabtausch, der es in sich hat. \u00dcber vier Jahre lang waren die beiden ein Paar, \u00fcberstanden sogar das TV-Format &#8222;Temptation Island VIP&#8220; \u2013 vorerst. Denn bereits <a data-target-type=\"article\" href=\"https:\/\/www.vip.de\/stars\/sarah-jane-wollny-gibt-trennung-von-partner-tinush-bekannt-24344006.html\" rel=\"nofollow noopener\" target=\"_blank\">kurz nach der Ausstrahlung der Staffel kam es zur Trennung.<\/a> Nun fliegen erneut die Fetzen: Der Ausl\u00f6ser ist ein TikTok-Clip, in dem Tinush gefragt wurde, aus welchen Formaten man ihn neben &#8222;Temptation Island VIP&#8220; kennen w\u00fcrde. &#8222;Das war&#8217;s eigentlich. Das war mein erstes Format&#8220;, antwortet der 27-J\u00e4hrige. Ex-Freundin Sarah-Jane ist emp\u00f6rt und stellt kurzerhand die Wahrheit klar:\u00a0<\/p>\n<blockquote class=\"text-element u-richtext u-typo u-typo--cite text-element--blockquote article__text-element article__text-element--blockquote text-element--context-article\"><p> Dieser Moment, wenn man nicht mit der Ex in Verbindung gebracht werden will, die einen in die \u00d6ffentlichkeit gebracht hat. Das erste Mal im TV war er bei den Wollnys, danach kam Temptation. Aber Ehrlichkeit scheint nicht seine St\u00e4rke zu sein.<\/p><\/blockquote>\n<p class=\"text-element u-richtext u-typo u-typo--article-text article__text-element text-element--context-article\"> In &#8222;Die Wollnys \u2013 Eine schrecklich gro\u00dfe Familie&#8220; bekam Tinush \u2013 als langj\u00e4hriger Freund von Sarah-Jane \u2013 selbstverst\u00e4ndlich ebenfalls seine Sendezeit. Dies scheint er nun allerdings verdr\u00e4ngen zu wollen. Tinush bedankt sich ironisch bei seiner Ex und f\u00fcgt hinzu, dass er ohne Sarah-Jane &#8222;ein Niemand&#8220; w\u00e4re. Daraufhin kann sich die Altenpflegerin eine Aussage nicht verkneifen: &#8222;Bist du immer noch.&#8220; Der Schlagabtausch findet innerhalb von Minuten statt, lesbar f\u00fcr die \u00d6ffentlichkeit. Tinush setzt noch einen drauf und zeigt sich wenig dankbar f\u00fcr die Anf\u00e4nge seiner TV-Karriere: &#8222;Bin gerne ein niemand, wer will auch schon mit diesem Namen in Verbindung gebracht werden [sic].&#8220;<\/p>\n<p><img class=\"image image-element__image\"   src=\"https:\/\/www.europesays.com\/de\/wp-content\/uploads\/2025\/07\/sarah-jane-wollny-ig.jpg\" alt=\"Sarah-Jane Wollny lie\u00df ihre Instagram-Follower:innen wissen, was sie mittlerweile von ihrem Ex h\u00e4lt.\" decoding=\"async\" fetchpriority=\"auto\" loading=\"lazy\"\/><br \/>\n<a href=\"https:\/\/image.vip.de\/24409934\/t\/m2\/v3\/w2048\/r0\/-\/sarah-jane-wollny-ig.jpg#instagram.com%2Fsarah_jane_wollny\" class=\"image__magnifier\" aria-label=\"Vergr\u00f6\u00dfern\" rel=\"nofollow noopener\" target=\"_blank\"><\/p>\n<p> Sarah-Jane Wollny lie\u00df ihre Instagram-Follower:innen wissen, was sie mittlerweile von ihrem Ex h\u00e4lt. <\/p>\n<p>\u00a9 instagram.com\/sarah_jane_wollny<\/p>\n<p class=\"text-element u-richtext u-typo u-typo--article-text article__text-element text-element--context-article\"> Fans sind schockiert und stellen sich unter dem Beitrag auf die Seite der Blondine. Sarah-Jane teilt kurz darauf den Verlauf der Auseinandersetzung. Dazu schreibt sie: &#8222;Mir fehlen die Worte, einfach nur ekelhaft. Warum ich das teile? Damit ihr seht wie widerlich sein Charakter ist. [sic]&#8220;<\/p>\n<p>Kim Virginia erkl\u00e4rt Nikola Glumacs Verschwinden<\/p>\n<p class=\"text-element u-richtext u-typo u-typo--article-text article__text-element text-element--context-article\"> Seit Tagen fehlt jede Spur von Nikola Glumac, 29. Auf Instagram k\u00fcndigte er an, sich bei seinen Follower:innen zu melden, um sie \u00fcber den neuesten Stand mit seiner Ex-Verlobten Kim Virginia, 30, zu informieren. Seitdem ist es allerdings ruhig um den Reality-Star geworden \u2013 Nikola scheint wie vom Erdboden verschluckt. Kim ist dies nat\u00fcrlich nicht entgangen, weshalb sie kurzerhand selbst das Zepter in die Hand nimmt und die Community ihres Ex-Geliebten beruhigt.\u00a0<\/p>\n<p class=\"text-element u-richtext u-typo u-typo--article-text article__text-element text-element--context-article\"> Auf Instagram postet sie Montagnacht, 30. Juni 2025, eine Story, in der sie \u00fcber Nikolas Verschwinden aufkl\u00e4rt: &#8222;F\u00fcr alle, die sich um Nikola sorgen: Die letzten Wochen und besonders die letzten Tage waren f\u00fcr beide Parteien eine emotionale Achterbahnfahrt.&#8220; Weiter betont Kim, dass Nikola zum jetzigen Zeitpunkt &#8222;nicht in der Lage&#8220; sei, sich in der \u00d6ffentlichkeit zu zeigen und zu seinen Fans zu sprechen. Den Grund daf\u00fcr nennt die 30-J\u00e4hrige ebenfalls: &#8222;Er k\u00e4mpft gerade mit heftigen inneren Prozessen und hatte erneut eine Panikattacke.&#8220;<\/p>\n<p><img class=\"image image-element__image\"   src=\"https:\/\/www.europesays.com\/de\/wp-content\/uploads\/2025\/07\/kim-virginia-igstory-nikola-glumac.jpg\" alt=\"Kim Virginia beruhigte Nikolas Fans mit dieser Instagram-Story.\" decoding=\"async\" fetchpriority=\"auto\" loading=\"lazy\"\/><br \/>\n<a href=\"https:\/\/image.vip.de\/24409528\/t\/9d\/v3\/w2048\/r0\/-\/kim-virginia-igstory-nikola-glumac.jpg#instagram.com%2Fkimvirginiaa\" class=\"image__magnifier\" aria-label=\"Vergr\u00f6\u00dfern\" rel=\"nofollow noopener\" target=\"_blank\"><\/p>\n<p> Kim Virginia beruhigte Nikolas Fans mit dieser Instagram-Story. <\/p>\n<p>\u00a9 instagram.com\/kimvirginiaa<\/p>\n<p class=\"text-element u-richtext u-typo u-typo--article-text article__text-element text-element--context-article\"> Die anstrengenden, vergangenen Wochen sollen der Grund f\u00fcr Nikolas Zustand sein: Erst kam es zur Aufl\u00f6sung der Verlobung mit Kim, dann berichteten beide von einer Stillgeburt ihres ungeborenen Babys und momentan befinden sich beide im Umzugschaos, da sie ihre gemeinsame Wohnung in Dubai verlassen m\u00fcssen und von nun an ihre eigenen Wege bestreiten werden. Dennoch kann Kim Virginia Nikolas Community beruhigen und versichert: &#8222;Er wird sich sehr bald bei euch melden.&#8220; Sie vermutet, dass die Tage ein weiteres Statement des Ex-Paares folgen wird.<\/p>\n<p>30. Juni 2025<\/p>\n<p>Kim Virginia zieht Schlussstrich \u2013 Sie will Dubai verlassen<\/p>\n<p class=\"text-element u-richtext u-typo u-typo--article-text article__text-element text-element--context-article\"> Nach ereignisreichen Wochen wagt <a class=\"autolinker\" data-target-type=\"article\" href=\"https:\/\/www.vip.de\/vips\/kim-virginia-24110750.html\" rel=\"nofollow noopener\" target=\"_blank\">Kim Virginia<\/a>, 30, einen radikalen Neustart. Wie sie am Sonntag, 29. Juni 2025, in ihrer Instagram-Story mitteilte, verl\u00e4sst sie Dubai endg\u00fcltig und kehrt somit ihrer Vergangenheit den R\u00fccken zu. &#8222;Morgen beginnt ein neues Kapitel&#8220;, beginnt sie ihren Beitrag. Weiter berichtet sie vom Gef\u00fchlswirrwarr bez\u00fcglich ihrer ungewissen Zukunft. Das Reality-Sternchen spricht von den Gef\u00fchlen, die es neben der Angst und Nervosit\u00e4t versp\u00fcrt: &#8222;Hoffnung. Neugier. Nervenkitzel. Ich lasse nicht nur einen Ort zur\u00fcck ich lasse Gewohnheiten, Routinen und eine ganze Welt hinter mir [sic].&#8220;<\/p>\n<p class=\"text-element u-richtext u-typo u-typo--article-text article__text-element text-element--context-article\"> Kim hat eine wochenlange Wohnungssuche hinter sich, da sie ihren bisherigen Wohnsitz in Dubai verlassen muss. Das neue Zuhause der 30-J\u00e4hrigen befindet sich an einem Ort au\u00dferhalb der Metropole \u2013 wo genau sich dieser befindet, l\u00e4sst sie bisher offen. Neben all dem Umzugsstress blickt Kim allerdings zuversichtlich in die Zukunft: &#8222;Hier beginnt alles bei null. Und genau das macht es so spannend. Ich wei\u00df nicht, was mich erwartet. Aber ich wei\u00df: Ich werde meinen Weg finden.&#8220;<\/p>\n<p><img class=\"image image-element__image\"   src=\"https:\/\/www.europesays.com\/de\/wp-content\/uploads\/2025\/06\/kim-virginia-igstory.jpg\" alt=\"Kim Virginia teilt ihren Follower:innen von ihrem &quot;Neuanfang&quot; mit.\" decoding=\"async\" fetchpriority=\"auto\" loading=\"lazy\"\/><br \/>\n<a href=\"https:\/\/image.vip.de\/24408462\/t\/G1\/v4\/w2048\/r0\/-\/kim-virginia-igstory.jpg#instagram.com%2Fkimvirginiaa\" class=\"image__magnifier\" aria-label=\"Vergr\u00f6\u00dfern\" rel=\"nofollow noopener\" target=\"_blank\"><\/p>\n<p> Kim Virginia teilt ihren Follower:innen von ihrem &#8222;Neuanfang&#8220; mit. <\/p>\n<p>\u00a9 instagram.com\/kimvirginiaa<\/p>\n<p class=\"text-element u-richtext u-typo u-typo--article-text article__text-element text-element--context-article\"> In den letzten Tagen vor dem gro\u00dfen Umzug berichtete Kim von all den Erledigungen, die vorher get\u00e4tigt werden mussten. Neben einer Umzugsgenehmigung brauche sie zus\u00e4tzlich noch ein Umzugsunternehmen, das ihr unter die Arme greifen k\u00f6nne. Einen Tag vor der Umsiedlung habe sie noch keine endg\u00fcltige Zusage bekommen. Ob ihr Ex-Verlobter Nikola Glumac, 29, ihr bei diesem Umzugschaos helfen wird, bleibt bisher unklar \u2013 immerhin hat er Kim in den letzten Wochen trotz frischer Trennung zu den verschiedenen Wohnungsbesichtigungen gefahren und betonte mehrmals, dass er Kim immer unterst\u00fctzen werde.\u00a0<\/p>\n<p class=\"text-element u-richtext u-typo u-typo--article-text article__text-element text-element--context-article\"> Trotzdem l\u00f6schte Kim k\u00fcrzlich alle gemeinsamen Fotos mit ihrem Ex-Traummann auf ihrem Instagram-Account. Sie scheint den &#8222;Neuanfang&#8220; ernst zu meinen und freut sich auf die kommende Zeit: &#8222;Neustart. Nicht ohne Angst, aber mit Mut.&#8220;\u00a0<\/p>\n<p>Promi-News verpasst? Kein Problem!<\/p>\n<p class=\"text-element u-richtext u-typo u-typo--article-text article__text-element text-element--context-article\"> Egal, ob deutsche Stars und Influencer:innen, internationale Hollywood-Prominenz oder die Cr\u00e8me de la Cr\u00e8me des Reality-TV: In unseren w\u00f6chentlichen Promi-Tickern bei VIP.de verpasst ihr keine Neuigkeiten und Informationen. Die wichtigsten Meldungen aus der vergangenen Woche <a data-target-type=\"article\" href=\"https:\/\/www.vip.de\/stars\/bianca-heinicke---julian-classen--heimliche-scheidung-der-youtube-stars-24404254.html\" rel=\"nofollow noopener\" target=\"_blank\">lest ihr hier<\/a>.<\/p>\n<p class=\"text-element u-richtext u-typo u-typo--article-text article__text-element text-element--context-article\"> Verwendete Quellen: instagram.com<\/p>\n<p>\nnsi<br \/>\nVIP.de\n<\/p>\n<p>#Themen<\/p>\n<p><script async src=\"\/\/www.instagram.com\/embed.js\"><\/script><\/p>\n","protected":false},"excerpt":{"rendered":"Sarah-Jane Wollny &#8222;Mir fehlen die Worte&#8220;: Fieser Schlagabtausch mit Ex-Freund Tinush Sarah-Jane Wollny und Tinush Nasri vor ihrer&hellip;\n","protected":false},"author":2,"featured_media":234213,"comment_status":"","ping_status":"","sticky":false,"template":"","format":"standard","meta":{"footnotes":""},"categories":[1776],"tags":[1801,29,214,30,1802,215],"class_list":{"0":"post-234212","1":"post","2":"type-post","3":"status-publish","4":"format-standard","5":"has-post-thumbnail","7":"category-prominente","8":"tag-celebrities","9":"tag-deutschland","10":"tag-entertainment","11":"tag-germany","12":"tag-prominente","13":"tag-unterhaltung"},"share_on_mastodon":{"url":"https:\/\/pubeurope.com\/@de\/114778976254931508","error":""},"_links":{"self":[{"href":"https:\/\/www.europesays.com\/de\/wp-json\/wp\/v2\/posts\/234212","targetHints":{"allow":["GET"]}}],"collection":[{"href":"https:\/\/www.europesays.com\/de\/wp-json\/wp\/v2\/posts"}],"about":[{"href":"https:\/\/www.europesays.com\/de\/wp-json\/wp\/v2\/types\/post"}],"author":[{"embeddable":true,"href":"https:\/\/www.europesays.com\/de\/wp-json\/wp\/v2\/users\/2"}],"replies":[{"embeddable":true,"href":"https:\/\/www.europesays.com\/de\/wp-json\/wp\/v2\/comments?post=234212"}],"version-history":[{"count":0,"href":"https:\/\/www.europesays.com\/de\/wp-json\/wp\/v2\/posts\/234212\/revisions"}],"wp:featuredmedia":[{"embeddable":true,"href":"https:\/\/www.europesays.com\/de\/wp-json\/wp\/v2\/media\/234213"}],"wp:attachment":[{"href":"https:\/\/www.europesays.com\/de\/wp-json\/wp\/v2\/media?parent=234212"}],"wp:term":[{"taxonomy":"category","embeddable":true,"href":"https:\/\/www.europesays.com\/de\/wp-json\/wp\/v2\/categories?post=234212"},{"taxonomy":"post_tag","embeddable":true,"href":"https:\/\/www.europesays.com\/de\/wp-json\/wp\/v2\/tags?post=234212"}],"curies":[{"name":"wp","href":"https:\/\/api.w.org\/{rel}","templated":true}]}}