{"id":234234,"date":"2025-07-01T16:52:12","date_gmt":"2025-07-01T16:52:12","guid":{"rendered":"https:\/\/www.europesays.com\/de\/234234\/"},"modified":"2025-07-01T16:52:12","modified_gmt":"2025-07-01T16:52:12","slug":"wetter-hitze-in-europa-hoechste-warnstufe-fuer-grossraum-paris","status":"publish","type":"post","link":"https:\/\/www.europesays.com\/de\/234234\/","title":{"rendered":"Wetter &#8211; Hitze in Europa: H\u00f6chste Warnstufe f\u00fcr Gro\u00dfraum Paris"},"content":{"rendered":"<p>                    <img decoding=\"async\" loading=\"lazy\" class=\"internal-image\" title=\"Ein Mann steht geb\u00fcckt vor einem Trinkbrunnen und erfrischt sich mit dem kalten Wasser. \" alt=\"Ein Mann steht geb\u00fcckt vor einem Trinkbrunnen und erfrischt sich mit dem kalten Wasser. \" src=\"https:\/\/www.europesays.com\/de\/wp-content\/uploads\/2025\/07\/hitze-italien-trinkbrunnen-gesundheit-100-1920x1080.jpg\" \/><\/p>\n<p>                  Wichtig bei der Hitze: Gen\u00fcgend Fl\u00fcssigkeit aufnehmen. (picture alliance \/ ZUMAPRESS.com \/ Marco Ottico)<\/p>\n<p>Insgesamt gilt f\u00fcr 16 D\u00e9partements eine Extremwetterwarnung, f\u00fcr 68 weitere die zweith\u00f6chste Warnstufe. Lediglich am \u00c4rmelkanal und an der Grenze zu Belgien bewegen sich die Temperaturen derzeit unter 34 Grad. Das italienische Gesundheitsministerium gab f\u00fcr 17 St\u00e4dte Hitzewarnungen aus. Spanien hatte mit 46 Grad Celsius in Huelva einen neuen Juni-Hitzerekord gemeldet, im portugiesischen Mora wurden 46,6 Grad gemessen. Aus mehreren L\u00e4ndern werden Waldbr\u00e4nde gemeldet.<\/p>\n<p>                Bis zu 40 Grad in Deutschland erwartet &#8211; Diakonie: Wohnungslose Menschen besser vor Hitze sch\u00fctzen<\/p>\n<p>Auch in weiten Teilen Deutschlands gilt eine Hitzewarnung. F\u00fcr den \u00e4u\u00dfersten Westen und den Oberrhein warnen die Meteorologen sogar vor &#8222;extremer Hitze&#8220;. Menschen sollten Anstrengungen m\u00f6glichst vermeiden, ausreichend Wasser trinken und die Innenr\u00e4ume k\u00fchl halten.<\/p>\n<p>                In Deutschland werden zur Wochenmitte Temperaturen von bis zu 40 Grad erwartet. <a title=\"Link auf: Hitzewelle - Krankenh\u00e4user und Pflegeheime schlecht ausgestattet\" href=\"https:\/\/www.deutschlandfunk.de\/krankenhaeuser-und-pflegeheime-schlecht-ausgestattet-102.html\" rel=\"nofollow noopener\" target=\"_blank\">Wegen der aktuellen Hitzewelle haben Verb\u00e4nde auf die unzureichende Ausstattung von Pflegeheimen und Krankenh\u00e4usern in Deutschland hingewiesen<\/a>.Die Diakonie Deutschland ruft zur gezielten Hilfe f\u00fcr Obdachlose auf. &#8222;Gemeinsam k\u00f6nnen Kommunen und B\u00fcrgerinnen und B\u00fcrger viel bewirken, um wohnungslose Menschen vor den Gefahren extremer Hitze zu sch\u00fctzen&#8220;, sagte die Diakonie-Sozialvorst\u00e4ndin Ronneberger.<\/p>\n<p>Die Diakonie bittet, in diesen Tagen einen besonderen Blick auf Menschen auf der Stra\u00dfe zu haben. &#8222;Fragen Sie h\u00f6flich, ob jemand etwas zu trinken braucht&#8220;, lautet ein Rat. Eine Flasche Wasser k\u00f6nne Leben retten.<\/p>\n<p>                Mehr Informationen:<br \/>\n                Deutschlandfunk-Wetterbericht: <a title=\"Link auf: Wetter - Sommerlich hei\u00df, sp\u00e4ter Hitzegewitter mit Starkregen und Hagel\" href=\"https:\/\/www.deutschlandfunk.de\/sommerlich-heiss-spaeter-hitzegewitter-mit-starkregen-und-hagel-102.html\" rel=\"nofollow noopener\" target=\"_blank\">Sommerlich hei\u00df, sp\u00e4ter Hitzegewitter mit Starkregen und Hagel<\/a><\/p>\n<p>Diese Nachricht wurde am 01.07.2025 im Programm Deutschlandfunk gesendet.<\/p>\n","protected":false},"excerpt":{"rendered":"Wichtig bei der Hitze: Gen\u00fcgend Fl\u00fcssigkeit aufnehmen. (picture alliance \/ ZUMAPRESS.com \/ Marco Ottico) Insgesamt gilt f\u00fcr 16&hellip;\n","protected":false},"author":2,"featured_media":234235,"comment_status":"","ping_status":"","sticky":false,"template":"","format":"standard","meta":{"footnotes":""},"categories":[3],"tags":[13,14,15,12,10,8,9,11,103,104],"class_list":{"0":"post-234234","1":"post","2":"type-post","3":"status-publish","4":"format-standard","5":"has-post-thumbnail","7":"category-welt","8":"tag-headlines","9":"tag-nachrichten","10":"tag-news","11":"tag-schlagzeilen","12":"tag-top-news","13":"tag-top-meldungen","14":"tag-topmeldungen","15":"tag-topnews","16":"tag-welt","17":"tag-world"},"share_on_mastodon":{"url":"https:\/\/pubeurope.com\/@de\/114779019268796802","error":""},"_links":{"self":[{"href":"https:\/\/www.europesays.com\/de\/wp-json\/wp\/v2\/posts\/234234","targetHints":{"allow":["GET"]}}],"collection":[{"href":"https:\/\/www.europesays.com\/de\/wp-json\/wp\/v2\/posts"}],"about":[{"href":"https:\/\/www.europesays.com\/de\/wp-json\/wp\/v2\/types\/post"}],"author":[{"embeddable":true,"href":"https:\/\/www.europesays.com\/de\/wp-json\/wp\/v2\/users\/2"}],"replies":[{"embeddable":true,"href":"https:\/\/www.europesays.com\/de\/wp-json\/wp\/v2\/comments?post=234234"}],"version-history":[{"count":0,"href":"https:\/\/www.europesays.com\/de\/wp-json\/wp\/v2\/posts\/234234\/revisions"}],"wp:featuredmedia":[{"embeddable":true,"href":"https:\/\/www.europesays.com\/de\/wp-json\/wp\/v2\/media\/234235"}],"wp:attachment":[{"href":"https:\/\/www.europesays.com\/de\/wp-json\/wp\/v2\/media?parent=234234"}],"wp:term":[{"taxonomy":"category","embeddable":true,"href":"https:\/\/www.europesays.com\/de\/wp-json\/wp\/v2\/categories?post=234234"},{"taxonomy":"post_tag","embeddable":true,"href":"https:\/\/www.europesays.com\/de\/wp-json\/wp\/v2\/tags?post=234234"}],"curies":[{"name":"wp","href":"https:\/\/api.w.org\/{rel}","templated":true}]}}