{"id":234270,"date":"2025-07-01T17:11:17","date_gmt":"2025-07-01T17:11:17","guid":{"rendered":"https:\/\/www.europesays.com\/de\/234270\/"},"modified":"2025-07-01T17:11:17","modified_gmt":"2025-07-01T17:11:17","slug":"der-kirchplatz-in-wuppertal-soll-attraktiver-werden","status":"publish","type":"post","link":"https:\/\/www.europesays.com\/de\/234270\/","title":{"rendered":"Der Kirchplatz in Wuppertal soll attraktiver werden"},"content":{"rendered":"<p class=\"text_ohne_einzug richtext text-em-55 !leading-serif mx-6 desktop:mx-0\">Er liegt mitten in der Elberfelder Innenstadt, ist der \u00e4lteste historisch gewachsene Platz in der Stadtgeschichte und bildet zugleich eine wichtige Verkn\u00fcpfung f\u00fcr Fu\u00dfg\u00e4nger zwischen den Nahverkehrspunkten am D\u00f6ppersberg und am Wall: Der Platz zwischen der Kirch- und der Calvinstra\u00dfe, auf dem die Citykirche steht, soll neu gestaltet und in seiner stadtgeschichtlichen Bedeutung hervorgehoben werden. Das Konzept dazu hat die Stadtverwaltung schon erarbeitet und in den politischen Gremien vorgestellt. Dennoch ist Eile geboten bei der Umsetzung.<\/p>\n","protected":false},"excerpt":{"rendered":"Er liegt mitten in der Elberfelder Innenstadt, ist der \u00e4lteste historisch gewachsene Platz in der Stadtgeschichte und bildet&hellip;\n","protected":false},"author":2,"featured_media":234271,"comment_status":"","ping_status":"","sticky":false,"template":"","format":"standard","meta":{"footnotes":""},"categories":[1840],"tags":[6477,3274,2406,40003,45333,3364,29,16373,27035,10019,30,16599,73643,73644,73645,45994,69981,54856,1209,73641,73642,58296,7557,4412,4418],"class_list":{"0":"post-234270","1":"post","2":"type-post","3":"status-publish","4":"format-standard","5":"has-post-thumbnail","7":"category-wuppertal","8":"tag-city","9":"tag-kirche","10":"tag-2406","11":"tag-40003","12":"tag-citykirche","13":"tag-de","14":"tag-deutschland","15":"tag-elberfeld","16":"tag-elberfelder","17":"tag-gebaeude","18":"tag-germany","19":"tag-historie","20":"tag-kirch","21":"tag-kirchengebaeudes","22":"tag-kirchenkreises","23":"tag-kirchplatz","24":"tag-kirchstrasse","25":"tag-kopfsteinpflaster","26":"tag-nordrhein-westfalen","27":"tag-pflaster","28":"tag-planungswettbewerb","29":"tag-rueckzugsort","30":"tag-stadtverwaltung","31":"tag-wettbewerb","32":"tag-wuppertal"},"share_on_mastodon":{"url":"https:\/\/pubeurope.com\/@de\/114779093955213909","error":""},"_links":{"self":[{"href":"https:\/\/www.europesays.com\/de\/wp-json\/wp\/v2\/posts\/234270","targetHints":{"allow":["GET"]}}],"collection":[{"href":"https:\/\/www.europesays.com\/de\/wp-json\/wp\/v2\/posts"}],"about":[{"href":"https:\/\/www.europesays.com\/de\/wp-json\/wp\/v2\/types\/post"}],"author":[{"embeddable":true,"href":"https:\/\/www.europesays.com\/de\/wp-json\/wp\/v2\/users\/2"}],"replies":[{"embeddable":true,"href":"https:\/\/www.europesays.com\/de\/wp-json\/wp\/v2\/comments?post=234270"}],"version-history":[{"count":0,"href":"https:\/\/www.europesays.com\/de\/wp-json\/wp\/v2\/posts\/234270\/revisions"}],"wp:featuredmedia":[{"embeddable":true,"href":"https:\/\/www.europesays.com\/de\/wp-json\/wp\/v2\/media\/234271"}],"wp:attachment":[{"href":"https:\/\/www.europesays.com\/de\/wp-json\/wp\/v2\/media?parent=234270"}],"wp:term":[{"taxonomy":"category","embeddable":true,"href":"https:\/\/www.europesays.com\/de\/wp-json\/wp\/v2\/categories?post=234270"},{"taxonomy":"post_tag","embeddable":true,"href":"https:\/\/www.europesays.com\/de\/wp-json\/wp\/v2\/tags?post=234270"}],"curies":[{"name":"wp","href":"https:\/\/api.w.org\/{rel}","templated":true}]}}