{"id":234369,"date":"2025-07-01T18:06:09","date_gmt":"2025-07-01T18:06:09","guid":{"rendered":"https:\/\/www.europesays.com\/de\/234369\/"},"modified":"2025-07-01T18:06:09","modified_gmt":"2025-07-01T18:06:09","slug":"technische-stoerung-bei-den-dvb-weitgehend-behoben","status":"publish","type":"post","link":"https:\/\/www.europesays.com\/de\/234369\/","title":{"rendered":"Technische St\u00f6rung bei den DVB weitgehend behoben"},"content":{"rendered":"<p>Die technischen St\u00f6rungen bei den DVB sind seit dem sp\u00e4ten Dienstag Nachmittag weitgehend behoben:\u00a0Die Hotline der DVB\u00a0ist wieder erreichbar. Auch die Telefonanlage und die Website der Dresdner Verkehrsbetriebe (DVB) sind wieder fit.\u00a0Ob auch die Server f\u00fcr das Internet nun stabil bleiben, wird sich zeigen, sagte uns ein DVB Sprecher.<\/p>\n<p>Die Dresdner Verkehrsbetriebe waren seit Dienstag Mittag aufgrund einer technischen St\u00f6rung vor\u00fcbergehend vom Netz. Die DVB-Webseite, die DVB-Hotline sowie alle weiteren DVB-Rufnummern\u00a0waren gest\u00f6rt. Auch die Website des Verkehrsverbundes Oberelbe war nicht erreichbar. Damit war auch die Verbindungsauskunft der DVB nicht abrufbar.\u00a0\u00a0<\/p>\n<p>Zu den Gr\u00fcnden der St\u00f6rung wird weiterhin intensiv geforscht.<\/p>\n","protected":false},"excerpt":{"rendered":"Die technischen St\u00f6rungen bei den DVB sind seit dem sp\u00e4ten Dienstag Nachmittag weitgehend behoben:\u00a0Die Hotline der DVB\u00a0ist wieder&hellip;\n","protected":false},"author":2,"featured_media":234370,"comment_status":"","ping_status":"","sticky":false,"template":"","format":"standard","meta":{"footnotes":""},"categories":[1772],"tags":[29,214,30,1779,810,215],"class_list":{"0":"post-234369","1":"post","2":"type-post","3":"status-publish","4":"format-standard","5":"has-post-thumbnail","7":"category-musik","8":"tag-deutschland","9":"tag-entertainment","10":"tag-germany","11":"tag-music","12":"tag-musik","13":"tag-unterhaltung"},"share_on_mastodon":{"url":"https:\/\/pubeurope.com\/@de\/114779310379085206","error":""},"_links":{"self":[{"href":"https:\/\/www.europesays.com\/de\/wp-json\/wp\/v2\/posts\/234369","targetHints":{"allow":["GET"]}}],"collection":[{"href":"https:\/\/www.europesays.com\/de\/wp-json\/wp\/v2\/posts"}],"about":[{"href":"https:\/\/www.europesays.com\/de\/wp-json\/wp\/v2\/types\/post"}],"author":[{"embeddable":true,"href":"https:\/\/www.europesays.com\/de\/wp-json\/wp\/v2\/users\/2"}],"replies":[{"embeddable":true,"href":"https:\/\/www.europesays.com\/de\/wp-json\/wp\/v2\/comments?post=234369"}],"version-history":[{"count":0,"href":"https:\/\/www.europesays.com\/de\/wp-json\/wp\/v2\/posts\/234369\/revisions"}],"wp:featuredmedia":[{"embeddable":true,"href":"https:\/\/www.europesays.com\/de\/wp-json\/wp\/v2\/media\/234370"}],"wp:attachment":[{"href":"https:\/\/www.europesays.com\/de\/wp-json\/wp\/v2\/media?parent=234369"}],"wp:term":[{"taxonomy":"category","embeddable":true,"href":"https:\/\/www.europesays.com\/de\/wp-json\/wp\/v2\/categories?post=234369"},{"taxonomy":"post_tag","embeddable":true,"href":"https:\/\/www.europesays.com\/de\/wp-json\/wp\/v2\/tags?post=234369"}],"curies":[{"name":"wp","href":"https:\/\/api.w.org\/{rel}","templated":true}]}}