{"id":234395,"date":"2025-07-01T18:21:08","date_gmt":"2025-07-01T18:21:08","guid":{"rendered":"https:\/\/www.europesays.com\/de\/234395\/"},"modified":"2025-07-01T18:21:08","modified_gmt":"2025-07-01T18:21:08","slug":"ein-festival-mit-charakter-und-klangfarben","status":"publish","type":"post","link":"https:\/\/www.europesays.com\/de\/234395\/","title":{"rendered":"Ein Festival mit Charakter und Klangfarben"},"content":{"rendered":"<p class=\"text_ohne_einzug richtext text-em-55 !leading-serif mx-6 desktop:mx-0\"> Die Vorfreude steigt: Am Freitag, 11. Juli, 18 bis 0 Uhr, und Samstag, 12. Juli, 16 bis 1 Uhr, kehrt das Motte-Festival in seiner f\u00fcnften Auflage an einen der atmosph\u00e4rischsten Orte der Region zur\u00fcck \u2013 die historische Motte in Wegberg. Veranstaltet vom Verein Kultur Pur Wegberg, erwarten die Besucher zwei Tage voller Musik, Kreativit\u00e4t und Gemeinschaft \u2013 und das bei freiem Eintritt.<\/p>\n","protected":false},"excerpt":{"rendered":"Die Vorfreude steigt: Am Freitag, 11. Juli, 18 bis 0 Uhr, und Samstag, 12. Juli, 16 bis 1&hellip;\n","protected":false},"author":2,"featured_media":234396,"comment_status":"","ping_status":"","sticky":false,"template":"","format":"standard","meta":{"footnotes":""},"categories":[1849],"tags":[3364,29,548,663,3934,5561,73676,3448,25727,30,13,10007,80,4455,73672,14,15,1209,73673,546,73674,9647,73675,12,27888,39781],"class_list":{"0":"post-234395","1":"post","2":"type-post","3":"status-publish","4":"format-standard","5":"has-post-thumbnail","7":"category-moenchengladbach","8":"tag-de","9":"tag-deutschland","10":"tag-eu","11":"tag-europa","12":"tag-europe","13":"tag-festival","14":"tag-festivalabschluss","15":"tag-festivals","16":"tag-gemeinschaft","17":"tag-germany","18":"tag-headlines","19":"tag-historische","20":"tag-kultur","21":"tag-moenchengladbach","22":"tag-motte","23":"tag-nachrichten","24":"tag-news","25":"tag-nordrhein-westfalen","26":"tag-pur","27":"tag-rock","28":"tag-rockabilly","29":"tag-rockband","30":"tag-rockrausch","31":"tag-schlagzeilen","32":"tag-voller","33":"tag-wegberg"},"share_on_mastodon":{"url":"https:\/\/pubeurope.com\/@de\/114779369273995990","error":""},"_links":{"self":[{"href":"https:\/\/www.europesays.com\/de\/wp-json\/wp\/v2\/posts\/234395","targetHints":{"allow":["GET"]}}],"collection":[{"href":"https:\/\/www.europesays.com\/de\/wp-json\/wp\/v2\/posts"}],"about":[{"href":"https:\/\/www.europesays.com\/de\/wp-json\/wp\/v2\/types\/post"}],"author":[{"embeddable":true,"href":"https:\/\/www.europesays.com\/de\/wp-json\/wp\/v2\/users\/2"}],"replies":[{"embeddable":true,"href":"https:\/\/www.europesays.com\/de\/wp-json\/wp\/v2\/comments?post=234395"}],"version-history":[{"count":0,"href":"https:\/\/www.europesays.com\/de\/wp-json\/wp\/v2\/posts\/234395\/revisions"}],"wp:featuredmedia":[{"embeddable":true,"href":"https:\/\/www.europesays.com\/de\/wp-json\/wp\/v2\/media\/234396"}],"wp:attachment":[{"href":"https:\/\/www.europesays.com\/de\/wp-json\/wp\/v2\/media?parent=234395"}],"wp:term":[{"taxonomy":"category","embeddable":true,"href":"https:\/\/www.europesays.com\/de\/wp-json\/wp\/v2\/categories?post=234395"},{"taxonomy":"post_tag","embeddable":true,"href":"https:\/\/www.europesays.com\/de\/wp-json\/wp\/v2\/tags?post=234395"}],"curies":[{"name":"wp","href":"https:\/\/api.w.org\/{rel}","templated":true}]}}