{"id":234646,"date":"2025-07-01T20:40:10","date_gmt":"2025-07-01T20:40:10","guid":{"rendered":"https:\/\/www.europesays.com\/de\/234646\/"},"modified":"2025-07-01T20:40:10","modified_gmt":"2025-07-01T20:40:10","slug":"berlin-brandenburg-waldbrand-evakuierung-in-kleinbahren-aufgehoben","status":"publish","type":"post","link":"https:\/\/www.europesays.com\/de\/234646\/","title":{"rendered":"Berlin &#038; Brandenburg: Waldbrand: Evakuierung in Kleinbahren aufgehoben"},"content":{"rendered":"<p>                    Berlin &amp; Brandenburg<br \/>\n                Waldbrand: Evakuierung in Kleinbahren aufgehoben<\/p>\n<p>\t\t\t\t              01.07.2025, 21:50 Uhr<\/p>\n<p><strong>52 Menschen aus dem Ort im Elbe-Elster-Kreis mussten ihre H\u00e4user verlassen. Nun gibt es Entwarnung.<\/strong><\/p>\n<p>Sonnewalde (dpa\/bb) &#8211; Die 52 Bewohner des Ortsteils Kleinbahren im Elbe-Elster-Kreis, die wegen eines Waldbrandes ihre H\u00e4user verlassen mussten, d\u00fcrfen nach Hause zur\u00fcckkehren. Der Katastrophenschutzstab habe die Evakuierung in Kleinbahren wieder aufgehoben, teilte der Landkreis mit.\u00a0<\/p>\n<p>Die Lage an der Gro\u00dfbrandstelle wurde vom Katastrophenschutzstab als nicht mehr bedrohlich f\u00fcr den Ortsteil von Sonnewalde eingesch\u00e4tzt. Wegen des gro\u00dffl\u00e4chigen Waldbrandes war Kleinbahren am Nachmittag evakuiert worden.\u00a0<\/p>\n<p>Die Feuerwehr bek\u00e4mpfe den Gro\u00dfbrand derzeit weiter vom Boden aus, wie es hie\u00df. Rund 300 Einsatzkr\u00e4fte seien mit 36 Fahrzeugen vor Ort. Sie werden von Polizeikr\u00e4ften unterst\u00fctzt. &#8222;Bislang ist es gelungen, die Ausbreitung des Brandes aufzuhalten&#8220;, teilte der Landkreis mit. Die Gesamtausdehnung des Brandes habe sich mit 13 Hektar nicht ver\u00e4ndert.<\/p>\n","protected":false},"excerpt":{"rendered":"Berlin &amp; Brandenburg Waldbrand: Evakuierung in Kleinbahren aufgehoben 01.07.2025, 21:50 Uhr 52 Menschen aus dem Ort im Elbe-Elster-Kreis&hellip;\n","protected":false},"author":2,"featured_media":234647,"comment_status":"","ping_status":"","sticky":false,"template":"","format":"standard","meta":{"footnotes":""},"categories":[1816],"tags":[1960,1958,1959,1957,296,1956,1890,29,6308,30,73715,5666],"class_list":{"0":"post-234646","1":"post","2":"type-post","3":"status-publish","4":"format-standard","5":"has-post-thumbnail","7":"category-brandenburg","8":"tag-aktuelle-nachrichten-aus-berlin-und-brandenburg","9":"tag-aktuelle-nachrichten-aus-brandenburg","10":"tag-aktuelle-news-aus-berlin-und-brandenburg","11":"tag-aktuelle-news-aus-brandenburg","12":"tag-berlin","13":"tag-berlin-und-brandenburg","14":"tag-brandenburg","15":"tag-deutschland","16":"tag-evakuierung","17":"tag-germany","18":"tag-kleinbahren","19":"tag-waldbrand"},"share_on_mastodon":{"url":"https:\/\/pubeurope.com\/@de\/114779915824328466","error":""},"_links":{"self":[{"href":"https:\/\/www.europesays.com\/de\/wp-json\/wp\/v2\/posts\/234646","targetHints":{"allow":["GET"]}}],"collection":[{"href":"https:\/\/www.europesays.com\/de\/wp-json\/wp\/v2\/posts"}],"about":[{"href":"https:\/\/www.europesays.com\/de\/wp-json\/wp\/v2\/types\/post"}],"author":[{"embeddable":true,"href":"https:\/\/www.europesays.com\/de\/wp-json\/wp\/v2\/users\/2"}],"replies":[{"embeddable":true,"href":"https:\/\/www.europesays.com\/de\/wp-json\/wp\/v2\/comments?post=234646"}],"version-history":[{"count":0,"href":"https:\/\/www.europesays.com\/de\/wp-json\/wp\/v2\/posts\/234646\/revisions"}],"wp:featuredmedia":[{"embeddable":true,"href":"https:\/\/www.europesays.com\/de\/wp-json\/wp\/v2\/media\/234647"}],"wp:attachment":[{"href":"https:\/\/www.europesays.com\/de\/wp-json\/wp\/v2\/media?parent=234646"}],"wp:term":[{"taxonomy":"category","embeddable":true,"href":"https:\/\/www.europesays.com\/de\/wp-json\/wp\/v2\/categories?post=234646"},{"taxonomy":"post_tag","embeddable":true,"href":"https:\/\/www.europesays.com\/de\/wp-json\/wp\/v2\/tags?post=234646"}],"curies":[{"name":"wp","href":"https:\/\/api.w.org\/{rel}","templated":true}]}}