{"id":234984,"date":"2025-07-01T23:44:10","date_gmt":"2025-07-01T23:44:10","guid":{"rendered":"https:\/\/www.europesays.com\/de\/234984\/"},"modified":"2025-07-01T23:44:10","modified_gmt":"2025-07-01T23:44:10","slug":"rechte-wollen-martin-sellners-auftritt-im-chemnitzer-rathaus-vor-gericht-erstreiten","status":"publish","type":"post","link":"https:\/\/www.europesays.com\/de\/234984\/","title":{"rendered":"Rechte wollen Martin Sellners Auftritt im Chemnitzer Rathaus vor Gericht erstreiten"},"content":{"rendered":"<p class=\"bold\">\n\t\t\t\t\t\t\t\t\t\tOb der Auftritt des \u00f6sterreichischen Rechtsextremen in Chemnitz wie geplant im Rathaus stattfinden kann, ist noch offen. Die Stadt hatte eine Nutzung der R\u00e4ume untersagt.\t\t\t\t<\/p>\n<p>\t\t\t\t In dieser Woche soll der Rechtsextremist Martin Sellner auf Einladung der Fraktion Pro Chemnitz\/Freie Sachsen im Chemnitzer Rathaus einen Vortrag halten. Die Stadt lehnt die Nutzung der R\u00e4ume ab. Nun hat das Verwaltungsgericht Chemnitz best\u00e4tigt, dass ein Eilantrag gegen die Untersagung eingegangen ist. Die 5. Kammer sei daf\u00fcr zust\u00e4ndig. Wann&#8230;<\/p>\n<p>\t\t<img decoding=\"async\" class=\"fp-plus-logo\" src=\"https:\/\/www.freiepresse.de\/img\/fpplus.svg\" alt=\"Freie Presse plus Logo\"\/><\/p>\n<p>Registrieren und testen.<\/p>\n<p>Jetzt mit Ihrer Registrierung 1 Monat gratis testen und alle Beitr\u00e4ge lesen.<\/p>\n<p>Schon Abonnent? Melden Sie sich mit ihren Zugangsdaten an.<\/p>\n","protected":false},"excerpt":{"rendered":"Ob der Auftritt des \u00f6sterreichischen Rechtsextremen in Chemnitz wie geplant im Rathaus stattfinden kann, ist noch offen. Die&hellip;\n","protected":false},"author":2,"featured_media":234985,"comment_status":"","ping_status":"","sticky":false,"template":"","format":"standard","meta":{"footnotes":""},"categories":[1851],"tags":[2770,3364,29,548,663,3934,30,13,2839,14,15,859,12],"class_list":{"0":"post-234984","1":"post","2":"type-post","3":"status-publish","4":"format-standard","5":"has-post-thumbnail","7":"category-chemnitz","8":"tag-chemnitz","9":"tag-de","10":"tag-deutschland","11":"tag-eu","12":"tag-europa","13":"tag-europe","14":"tag-germany","15":"tag-headlines","16":"tag-kommunalpolitik","17":"tag-nachrichten","18":"tag-news","19":"tag-sachsen","20":"tag-schlagzeilen"},"share_on_mastodon":{"url":"https:\/\/pubeurope.com\/@de\/114780639472902365","error":""},"_links":{"self":[{"href":"https:\/\/www.europesays.com\/de\/wp-json\/wp\/v2\/posts\/234984","targetHints":{"allow":["GET"]}}],"collection":[{"href":"https:\/\/www.europesays.com\/de\/wp-json\/wp\/v2\/posts"}],"about":[{"href":"https:\/\/www.europesays.com\/de\/wp-json\/wp\/v2\/types\/post"}],"author":[{"embeddable":true,"href":"https:\/\/www.europesays.com\/de\/wp-json\/wp\/v2\/users\/2"}],"replies":[{"embeddable":true,"href":"https:\/\/www.europesays.com\/de\/wp-json\/wp\/v2\/comments?post=234984"}],"version-history":[{"count":0,"href":"https:\/\/www.europesays.com\/de\/wp-json\/wp\/v2\/posts\/234984\/revisions"}],"wp:featuredmedia":[{"embeddable":true,"href":"https:\/\/www.europesays.com\/de\/wp-json\/wp\/v2\/media\/234985"}],"wp:attachment":[{"href":"https:\/\/www.europesays.com\/de\/wp-json\/wp\/v2\/media?parent=234984"}],"wp:term":[{"taxonomy":"category","embeddable":true,"href":"https:\/\/www.europesays.com\/de\/wp-json\/wp\/v2\/categories?post=234984"},{"taxonomy":"post_tag","embeddable":true,"href":"https:\/\/www.europesays.com\/de\/wp-json\/wp\/v2\/tags?post=234984"}],"curies":[{"name":"wp","href":"https:\/\/api.w.org\/{rel}","templated":true}]}}