{"id":235234,"date":"2025-07-02T02:10:14","date_gmt":"2025-07-02T02:10:14","guid":{"rendered":"https:\/\/www.europesays.com\/de\/235234\/"},"modified":"2025-07-02T02:10:14","modified_gmt":"2025-07-02T02:10:14","slug":"nofv-erhoeht-den-druck-und-fordert-arbeitsgruppe-fuer-drittliga-aufstieg","status":"publish","type":"post","link":"https:\/\/www.europesays.com\/de\/235234\/","title":{"rendered":"NOFV erh\u00f6ht den Druck und fordert Arbeitsgruppe f\u00fcr Drittliga-Aufstieg"},"content":{"rendered":"<p>Der Nordostdeutsche Fu\u00dfball-Verband (NOFV) erh\u00f6ht den Druck f\u00fcr eine Reform des Drittliga-Aufstieges. Bei einer Konferenz aller Landes- und Regionalpr\u00e4sidenten im Beisein des DFB-Pr\u00e4sidenten Bernd Neuendorf wurde die sofortige Einsetzung einer Arbeitsgruppe zur Behandlung der Problematik um den Aufstieg in die 3. Liga gefordert.<\/p>\n<p>Zuvor hatte sich der NOFV mit den Vertretern der Initiative &#8222;Aufstiegsreform 2025&#8220; auf diese Forderung verst\u00e4ndigt, nachdem gemeinsam die Gespr\u00e4che mit den anderen vier Regionalverb\u00e4nden ausgewertet worden waren. Dabei war klar geworden, dass ein abstimmungsf\u00e4higer Antrag auf dem DFB-Bundestag Anfang November unrealistisch ist.<\/p>\n<p>Auch wenn die Arbeitsgruppe, in der je drei Vereinsvertreter der f\u00fcnf Regionalliga-Staffeln, drei Verbandsvertreter sowie DFB und DFL vertreten sein sollen, einen Kompromiss darstellt, soll keine Zeit bez\u00fcglich der inhaltlichen Auseinandersetzung mit der Problematik verschwendet werden.<\/p>\n<p>Eine neutrale Moderation solle Denkverbote ausschlie\u00dfen und gr\u00f6\u00dftm\u00f6gliche gedankliche Flexibilit\u00e4t und Offenheit gew\u00e4hrleisten, hei\u00dft es vom NOFV. Von den anderen Regionalverb\u00e4nden gab es zu dem Vorschlag bislang noch keine Zustimmung, allerdings signalisierten sie Gespr\u00e4chsbereitschaft.<\/p>\n<p>Aktuell steigen nur zwei der f\u00fcnf Regionalliga-Meister direkt in die 3. Liga auf. Die Staffel-Sieger West und S\u00fcdwest haben fixe Pl\u00e4tze, w\u00e4hrend die Ligen Nord, Nordost und Bayern in einem Rotationssystem mit einem festen Aufsteiger und einem Relegationsduell ihre k\u00fcnftigen<br \/>Drittligisten ermitteln.<\/p>\n<p>Mitte Februar wurde deshalb erneut der Vorsto\u00df unternommen, dies zu \u00e4ndern. Aktuell werden verschiedene Modelle diskutiert, wobei eine L\u00f6sung mit vier Staffeln und vier festen Aufsteigern pr\u00e4feriert wird. Ziel ist es, dass Regionalliga-Meister in die 3. Liga aufsteigen.<\/p>\n<p>In dieser Saison wurde mit dem 1. FC Lokomotive Leipzig der Sieger der Staffel Nordost das Opfer der aktuellen Regelung. Nach einer souver\u00e4nen Saison mit einem ungef\u00e4hrdeten Meistertitel in der Liga scheiterte Lok in den Playoffs am TSV Havelse denkbar knapp nach Verl\u00e4ngerung im R\u00fcckspiel.<\/p>\n<p>\u00a0<\/p>\n<p>Sendung: rbb24 Inforadio, 01.07.25, 18:15 Uhr<\/p>\n","protected":false},"excerpt":{"rendered":"Der Nordostdeutsche Fu\u00dfball-Verband (NOFV) erh\u00f6ht den Druck f\u00fcr eine Reform des Drittliga-Aufstieges. Bei einer Konferenz aller Landes- und&hellip;\n","protected":false},"author":2,"featured_media":235235,"comment_status":"","ping_status":"","sticky":false,"template":"","format":"standard","meta":{"footnotes":""},"categories":[1825],"tags":[1941,1939,296,1937,29,30,1940,1938],"class_list":{"0":"post-235234","1":"post","2":"type-post","3":"status-publish","4":"format-standard","5":"has-post-thumbnail","7":"category-berlin","8":"tag-aktuelle-nachrichten-aus-berlin","9":"tag-aktuelle-news-aus-berlin","10":"tag-berlin","11":"tag-berlin-news","12":"tag-deutschland","13":"tag-germany","14":"tag-nachrichten-aus-berlin","15":"tag-news-aus-berlin"},"share_on_mastodon":{"url":"https:\/\/pubeurope.com\/@de\/114781213451537963","error":""},"_links":{"self":[{"href":"https:\/\/www.europesays.com\/de\/wp-json\/wp\/v2\/posts\/235234","targetHints":{"allow":["GET"]}}],"collection":[{"href":"https:\/\/www.europesays.com\/de\/wp-json\/wp\/v2\/posts"}],"about":[{"href":"https:\/\/www.europesays.com\/de\/wp-json\/wp\/v2\/types\/post"}],"author":[{"embeddable":true,"href":"https:\/\/www.europesays.com\/de\/wp-json\/wp\/v2\/users\/2"}],"replies":[{"embeddable":true,"href":"https:\/\/www.europesays.com\/de\/wp-json\/wp\/v2\/comments?post=235234"}],"version-history":[{"count":0,"href":"https:\/\/www.europesays.com\/de\/wp-json\/wp\/v2\/posts\/235234\/revisions"}],"wp:featuredmedia":[{"embeddable":true,"href":"https:\/\/www.europesays.com\/de\/wp-json\/wp\/v2\/media\/235235"}],"wp:attachment":[{"href":"https:\/\/www.europesays.com\/de\/wp-json\/wp\/v2\/media?parent=235234"}],"wp:term":[{"taxonomy":"category","embeddable":true,"href":"https:\/\/www.europesays.com\/de\/wp-json\/wp\/v2\/categories?post=235234"},{"taxonomy":"post_tag","embeddable":true,"href":"https:\/\/www.europesays.com\/de\/wp-json\/wp\/v2\/tags?post=235234"}],"curies":[{"name":"wp","href":"https:\/\/api.w.org\/{rel}","templated":true}]}}