{"id":235270,"date":"2025-07-02T02:29:18","date_gmt":"2025-07-02T02:29:18","guid":{"rendered":"https:\/\/www.europesays.com\/de\/235270\/"},"modified":"2025-07-02T02:29:18","modified_gmt":"2025-07-02T02:29:18","slug":"keno-meyer-steht-beim-hallescher-fc-im-tor","status":"publish","type":"post","link":"https:\/\/www.europesays.com\/de\/235270\/","title":{"rendered":"Keno Meyer steht beim Hallescher FC im Tor"},"content":{"rendered":"<p>Der Harpstedter TB freut sich \u00fcber eine DFB-Bonuszahlung f\u00fcr die Ausbildung von Keno Meyer. Der Torh\u00fcter, der schon ein Jugend-L\u00e4nderspiel bestritt, spielt mittlerweile beim Hallescher FC.<\/p>\n<p>Um diesen Artikel zu lesen, schlie\u00dfen Sie eines unserer Angebote ab oder loggen sich als Abonnent ein. Alle Inhalte auf NWZonline und in der NWZ-Nachrichten-App stehen Ihnen dann uneingeschr\u00e4nkt zur Verf\u00fcgung.<\/p>\n<p>    Harpstedt &#8211;<br \/>\nGute Nachwuchsarbeit zahlt sich aus: Diese angenehme Erfahrung durfte jetzt auch der Harpstedter TB machen. Als Ausbildungsverein von Keno-Miguel Meyer erhielt der HTB eine Bonuszahlung des Deutschen Fu\u00dfball-Bundes (DFB) \u00fcber 1950 Euro.  Erich Meenken, Vorsitzender des Fu\u00dfballkreises Oldenburg-Land\/Delmenhorst, \u00fcberreichte den symbolischen Scheck an den HTB-Vorsitzenden Tobias Radtke sowie Diemo Spitz aus der Fu\u00dfballabteilung.\n<\/p>\n<p>Die Summe stammt aus dem Bonussystem des DFB zur Talentf\u00f6rderung, das die Vereine sp\u00e4terer Jugend-Nationalspieler belohnt. Da Keno Meyer genau das erreicht hat, profitierte nun sein Heimatclub. Vor knapp zwei Jahren, im November 2023, durfte der Harpstedter mit der U-18-Nationalmannschaft im Rahmen eines Drei-L\u00e4nder-Turniers das DFB-Trikot tragen. \u201eDas war der H\u00f6hepunkt meiner bisherigen Laufbahn\u201c, sagt Meyer stolz, auch wenn das Spiel  gegen Tschechien mit 1:2 verloren ging.<\/p>\n<p>    <a href=\"https:\/\/www.nwzonline.de\/sport\/fuballtalent-maximilian-schmitz-aus-tungeln-spielt-bei-holstein-kiel_a_4,2,1025141026.html\" class=\"_text-black text-black\" rel=\"nofollow noopener\" target=\"_blank\"><\/p>\n<p>                        <img decoding=\"async\" src=\"https:\/\/www.europesays.com\/de\/wp-content\/uploads\/2025\/07\/fuehlt-sich-wohl-bei-den-bdquo-stoerchen-ldquo-maximilian-schmitz-blickt-auf-seine-erste-saison-bei-.webp\" alt=\"F\u00fchlt sich wohl bei den \u201eSt\u00f6rchen\u201c: Maximilian Schmitz blickt auf seine erste Saison bei Holstein Kiel.\"\/><\/p>\n<p>                FUSSBALLTALENT AUS TUNGELN<br \/>\n                Wie Maximilian Schmitz \u00fcber Werder zu den \u201eJungst\u00f6rchen\u201c kam<\/p>\n<p>    <\/a><\/p>\n<p>\n    Seit der Saison 2024\/25 steht der Torh\u00fcter, der in drei Wochen seinen 19. Geburtstag feiert, <a class=\"internal\" href=\"https:\/\/www.nwzonline.de\/sport\/keno-meyer-vom-jugendspieler-in-harpstedt-zum-profi-beim-hallescher-fc_a_4,1,3047600237.html\" rel=\"nofollow noopener\" target=\"_blank\">beim Hallescher FC zwischen den Pfosten<\/a>. In Harpstedt hatte er als F\u00fcnfj\u00e4hriger mit dem Fu\u00dfball angefangen. Sein erster Trainer war kurioserweise der heutige HTB-Vorsitzende Tobias Radtke. Erfahrungen im Spielbetrieb sammelte Keno Meyer zun\u00e4chst als Abwehrspieler mit vielen seiner Schulkameraden, bevor er sich schlie\u00dflich f\u00fcr Eins\u00e4tze als Torwart interessierte. Ab der Spielserie 2015\/2016 war er fester Bestandteil der Junioren-Kreisauswahl. Sein damaliger Auswahltrainer Andreas Steineker lie\u00df es sich jetzt nicht nehmen, der Ehrung seines ehemaligen Sch\u00fctzlings in Harpstedt beizuwohnen \u2013 was auch f\u00fcr den 18-J\u00e4hrigen eine besondere Begegnung war. Den Ausschuss f\u00fcr Qualifizierung des Nieders\u00e4chsischen Fu\u00dfballverbandes (NFV) vertrat Ansgar Lammers.\n<\/p>\n<p>    <a href=\"https:\/\/www.nwzonline.de\/sport\/arbeitstagung-der-fussballer-5-kreisklasse-wird-gestrichen_a_4,2,1163566705.html\" class=\"_text-black text-black\" rel=\"nofollow noopener\" target=\"_blank\"><\/p>\n<p>                        <img decoding=\"async\" src=\"https:\/\/www.europesays.com\/de\/wp-content\/uploads\/2025\/07\/mit-urkunden-und-fussbaellen-dekoriert-fuer-fairness-meisterschaften-und-pokalsiege-wurden-zahlreich.webp\" alt=\"Mit Urkunden und Fu\u00dfb\u00e4llen dekoriert: F\u00fcr Fairness, Meisterschaften und Pokalsiege wurden zahlreiche Vereine w\u00e4hrend der Arbeitstagung in Dingstede am Montagabend ausgezeichnet.\" loading=\"lazy\"\/><\/p>\n<p>                FUSSBALLER ZIEHEN BILANZ<br \/>\n                Ehrungen, Pokalauslosung und Abschied von 5. Kreisklasse<\/p>\n<p>    <\/a><\/p>\n<p>\u00dcber das Talent-Team fand Keno Meyer 2015 den Weg zu Werder Bremen, wo er ab der Saison 2016\/17 von der U 11 bis zur U 19 alle Nachwuchsmannschaften durchlief. Parallel wechselte er damals auf das Gymnasium Links der Weser \u2013 eine Schule, die eng mit dem SV Werder zusammenarbeitet. Eins von vielen Highlights w\u00e4hrend seiner Bremer Zeit war die Kaderzugeh\u00f6rigkeit bei den Profis f\u00fcr ein Freundschaftsspiel als zweiter Torwart hinter der damaligen Nummer eins Jiri Pavlenka. Im Sommer vergangenen Jahres wechselte der Harpstedter zum Hallescher FC. Dort will er sich nach einem Jahr in der A-Junioren-Bundesliga jetzt auch bei den Herren in der Regionalliga Nordost behaupten.<\/p>\n<p>        <img decoding=\"async\" class=\"profile\" src=\"&#10;    &#10;&#10;&#10;        &#10;&#10;&#10;&#10;&#10;&#10;                    &#10;            &#10;&#10;&#10;&#10;                https:\/\/imgneu.nwzonline.de\/image\/027d-17155e4b9a62-03efefb9ed0c-1000\/414,1-1,med,50,50,1_338_338_150_150_0.443418_0_0_0.443418_0_-30.53349\/image.webp&#10;&#10;\" alt=\"Michael Hiller\"\/><\/p>\n","protected":false},"excerpt":{"rendered":"Der Harpstedter TB freut sich \u00fcber eine DFB-Bonuszahlung f\u00fcr die Ausbildung von Keno Meyer. Der Torh\u00fcter, der schon&hellip;\n","protected":false},"author":2,"featured_media":235271,"comment_status":"","ping_status":"","sticky":false,"template":"","format":"standard","meta":{"footnotes":""},"categories":[1860],"tags":[3364,29,548,663,3934,30,4062,17332,13,14,15,17331,860,12],"class_list":{"0":"post-235270","1":"post","2":"type-post","3":"status-publish","4":"format-standard","5":"has-post-thumbnail","7":"category-halle-saale","8":"tag-de","9":"tag-deutschland","10":"tag-eu","11":"tag-europa","12":"tag-europe","13":"tag-germany","14":"tag-halle","15":"tag-halle-saale","16":"tag-headlines","17":"tag-nachrichten","18":"tag-news","19":"tag-saale","20":"tag-sachsen-anhalt","21":"tag-schlagzeilen"},"share_on_mastodon":{"url":"https:\/\/pubeurope.com\/@de\/114781288312463729","error":""},"_links":{"self":[{"href":"https:\/\/www.europesays.com\/de\/wp-json\/wp\/v2\/posts\/235270","targetHints":{"allow":["GET"]}}],"collection":[{"href":"https:\/\/www.europesays.com\/de\/wp-json\/wp\/v2\/posts"}],"about":[{"href":"https:\/\/www.europesays.com\/de\/wp-json\/wp\/v2\/types\/post"}],"author":[{"embeddable":true,"href":"https:\/\/www.europesays.com\/de\/wp-json\/wp\/v2\/users\/2"}],"replies":[{"embeddable":true,"href":"https:\/\/www.europesays.com\/de\/wp-json\/wp\/v2\/comments?post=235270"}],"version-history":[{"count":0,"href":"https:\/\/www.europesays.com\/de\/wp-json\/wp\/v2\/posts\/235270\/revisions"}],"wp:featuredmedia":[{"embeddable":true,"href":"https:\/\/www.europesays.com\/de\/wp-json\/wp\/v2\/media\/235271"}],"wp:attachment":[{"href":"https:\/\/www.europesays.com\/de\/wp-json\/wp\/v2\/media?parent=235270"}],"wp:term":[{"taxonomy":"category","embeddable":true,"href":"https:\/\/www.europesays.com\/de\/wp-json\/wp\/v2\/categories?post=235270"},{"taxonomy":"post_tag","embeddable":true,"href":"https:\/\/www.europesays.com\/de\/wp-json\/wp\/v2\/tags?post=235270"}],"curies":[{"name":"wp","href":"https:\/\/api.w.org\/{rel}","templated":true}]}}