{"id":235549,"date":"2025-07-02T05:06:09","date_gmt":"2025-07-02T05:06:09","guid":{"rendered":"https:\/\/www.europesays.com\/de\/235549\/"},"modified":"2025-07-02T05:06:09","modified_gmt":"2025-07-02T05:06:09","slug":"observatorium-in-chile-veroeffentlicht-detaillierte-bilder-aus-anfaengen-des-universums","status":"publish","type":"post","link":"https:\/\/www.europesays.com\/de\/235549\/","title":{"rendered":"Observatorium in Chile ver\u00f6ffentlicht detaillierte Bilder aus Anf\u00e4ngen des Universums"},"content":{"rendered":"<p>      Observatorium in Chile ver\u00f6ffentlicht detaillierte Bilder aus Anf\u00e4ngen des Universums<\/p>\n<p>            Kopiere den aktuellen Link<\/p>\n<p>          Zur Merkliste hinzuf\u00fcgen<\/p>\n<p>Gase, Staub und Sternenlicht in 39 Galaxien: Das Alma-Oberservatorium in Chile hat nach Angaben von Forschern die bisher detailliertesten Bilder aus den Anf\u00e4ngen des Universums eingefangen, die je gemacht wurden. &#8222;Wir haben noch nie so viele Details und eine solche Tiefe bei Galaxien aus der Fr\u00fchzeit des Alls erhalten&#8220;, sagte der wissenschaftliche Leiter von Alma, Sergio Martin, am Dienstag bei einer Pr\u00e4sentation der Forschungsergebnisse an der Universit\u00e4t Concepci\u00f3n in Santiago de Chile.<\/p>\n<p class=\"typo-body-default is-initial\">Aufgrund seines dunklen Himmels und seiner klaren Luft beherbergt <a class=\"taxonomy-entity place\" data-target-type=\"article\" href=\"https:\/\/www.stern.de\/sport\/fussball\/themen\/chile-4156074.html\" rel=\"nofollow noopener\" target=\"_blank\">Chile<\/a> die Teleskope von mehr als 30 L\u00e4ndern, darunter auch das Atacama Large Millimeter\/Submillimeter Array (Alma).<\/p>\n<p class=\"typo-body-default\">Alma erlaubt dank seiner Hochleistungsteleskope Beobachtungen im Millimeter- und Submillimeterbereich. Die dort gemachten Aufnahmen haben den Forschern zufolge das Gas eingefangen, aus dem vor mehr als 13 Milliarden Jahren die ersten <a class=\"taxonomy-entity keyword\" data-target-type=\"article\" href=\"https:\/\/www.stern.de\/panorama\/wissen\/kosmos\/themen\/galaxie-4163698.html\" rel=\"nofollow noopener\" target=\"_blank\">Galaxien<\/a> entstanden sind.\u00a0<\/p>\n<p class=\"typo-body-default\">Dem Forschungsleiter Rodrigo Herrera-Camus zufolge er\u00f6ffnet das Einfangen dieses Gases &#8222;die M\u00f6glichkeit, die Entstehung von Sternen zu untersuchen&#8220;. So habe die Studie etwa ergeben, dass Sterne in &#8222;riesigen Klumpen&#8220; entst\u00fcnden.<\/p>\n<p class=\"typo-body-default\">Erst im Juni hatten Wissenschaftler des neu errichteten Vera C. Rubin-Observatoriums in Chile erste Aufnahmen weit entfernter Galaxien ver\u00f6ffentlicht. Sie enth\u00fcllten spektakul\u00e4re Ansichten von weit entfernten Galaxien und Regionen, in denen Sterne entstehen, und zeigten auf klar erkennbaren Bildern Einzelheiten dieser tausende von Lichtjahren entfernten Sternen-Entstehungsgebiete.<\/p>\n<p>\n    AFP\n  <\/p>\n","protected":false},"excerpt":{"rendered":"Observatorium in Chile ver\u00f6ffentlicht detaillierte Bilder aus Anf\u00e4ngen des Universums Kopiere den aktuellen Link Zur Merkliste hinzuf\u00fcgen Gase,&hellip;\n","protected":false},"author":2,"featured_media":235550,"comment_status":"","ping_status":"","sticky":false,"template":"","format":"standard","meta":{"footnotes":""},"categories":[135],"tags":[29,30,190,189,194,191,193,192],"class_list":{"0":"post-235549","1":"post","2":"type-post","3":"status-publish","4":"format-standard","5":"has-post-thumbnail","7":"category-wissenschaft-technik","8":"tag-deutschland","9":"tag-germany","10":"tag-science","11":"tag-science-technology","12":"tag-technik","13":"tag-technology","14":"tag-wissenschaft","15":"tag-wissenschaft-technik"},"share_on_mastodon":{"url":"https:\/\/pubeurope.com\/@de\/114781905537293478","error":""},"_links":{"self":[{"href":"https:\/\/www.europesays.com\/de\/wp-json\/wp\/v2\/posts\/235549","targetHints":{"allow":["GET"]}}],"collection":[{"href":"https:\/\/www.europesays.com\/de\/wp-json\/wp\/v2\/posts"}],"about":[{"href":"https:\/\/www.europesays.com\/de\/wp-json\/wp\/v2\/types\/post"}],"author":[{"embeddable":true,"href":"https:\/\/www.europesays.com\/de\/wp-json\/wp\/v2\/users\/2"}],"replies":[{"embeddable":true,"href":"https:\/\/www.europesays.com\/de\/wp-json\/wp\/v2\/comments?post=235549"}],"version-history":[{"count":0,"href":"https:\/\/www.europesays.com\/de\/wp-json\/wp\/v2\/posts\/235549\/revisions"}],"wp:featuredmedia":[{"embeddable":true,"href":"https:\/\/www.europesays.com\/de\/wp-json\/wp\/v2\/media\/235550"}],"wp:attachment":[{"href":"https:\/\/www.europesays.com\/de\/wp-json\/wp\/v2\/media?parent=235549"}],"wp:term":[{"taxonomy":"category","embeddable":true,"href":"https:\/\/www.europesays.com\/de\/wp-json\/wp\/v2\/categories?post=235549"},{"taxonomy":"post_tag","embeddable":true,"href":"https:\/\/www.europesays.com\/de\/wp-json\/wp\/v2\/tags?post=235549"}],"curies":[{"name":"wp","href":"https:\/\/api.w.org\/{rel}","templated":true}]}}