{"id":235856,"date":"2025-07-02T07:51:22","date_gmt":"2025-07-02T07:51:22","guid":{"rendered":"https:\/\/www.europesays.com\/de\/235856\/"},"modified":"2025-07-02T07:51:22","modified_gmt":"2025-07-02T07:51:22","slug":"model-aus-halle-wird-weltweites-gesicht-fuer-beautymarke-estee-lauder","status":"publish","type":"post","link":"https:\/\/www.europesays.com\/de\/235856\/","title":{"rendered":"Model aus Halle wird weltweites Gesicht f\u00fcr Beautymarke Est\u00e9e Lauder"},"content":{"rendered":"<p class=\"fp-paragraph\"><strong>Halle (Saale)\/MZ<\/strong> &#8211; In der Welt unterwegs \u2013 das ist Charlott Josefin Heinze schon eine Weile. Inzwischen <a href=\"https:\/\/www.mz.de\/lokal\/halle-saale\/social-media-junge-frau-halle-karriere-als-model-selbststaendig-3577266\" rel=\"nofollow noopener\" target=\"_blank\">ist die Hallenserin als Model<\/a> aber auch weltweit zu sehen. <\/p>\n<p class=\"fp-paragraph\">\u201eIch bin seit diesem Jahr eines der neuen weltweiten Gesichter der renommierten Beautybrand Est\u00e9e Lauder\u201c, sagt sie.  <\/p>\n<p class=\"fp-paragraph\">Est\u00e9e Lauder gilt als eine hochklassige Marke f\u00fcr Pflegeprodukte, die in fast allen L\u00e4ndern der Welt unter anderem Cremes und Seren, aber auch Parfum  vertreibt.  Die Werbekampagne, in der Charlott Josefin Heinze nun zu sehen ist, laufe weltweit in den Filialen von Douglas und M\u00fcller sowie in den  Est\u00e9e-Lauder-Stores selbst, wie sie sagt.  Die Kampagne werde zudem  sowohl in Printver\u00f6ffentlichungen wie auch online und auf  Social Media zu sehen sein. Weltweit schlie\u00dfe ihr zufolge mindestens  Europa, Amerika  und die Vereinigte Arabischen Emirate ein.  <\/p>\n<p><img decoding=\"async\" class=\"fp-lazyload lazyload\" src=\"https:\/\/www.europesays.com\/de\/wp-content\/uploads\/2025\/07\/e8f3e9a5-433e-4e90-b000-9305397b5e1a.jpeg\"  data- style=\"display: block; width: 100%;\" loading=\"lazy\" alt=\"Dieses Foto eines Aufstellers in M\u00fcnchen wurde Charlott Josefin Heinze  von einer  Instagram- Followerin geschickt. \"\/>Dieses Foto eines Aufstellers in M\u00fcnchen wurde Charlott Josefin Heinze  von einer  Instagram- Followerin geschickt. <\/p>\n<p> Foto:  Annabell Brandes<\/p>\n<p class=\"fp-paragraph\">Die 27-J\u00e4hrige ist schon  stolz darauf, damit nun auf weltbekannte Models wie Karlie Kloss oder Imaan Hammam zu folgen, die ebenfalls schon das Gesicht von Est\u00e9e Lauder waren. Sie sagt: \u201eIch freue mich sehr dar\u00fcber. International hat das ein gro\u00dfes Renommee. Das ist ein Job, der Wellen schl\u00e4gt.\u201c Sie betont derweil, dass dorthin zu kommen, auch <a href=\"https:\/\/www.mz.de\/lokal\/halle-saale\/model-karriere-junge-frau-aus-halle-bei-foto-shootings-in-der-ganzen-welt-3670347\" rel=\"nofollow noopener\" target=\"_blank\">immer ihr gro\u00dfes Ziel gewesen sei<\/a>. Ohnehin sei der Beautybereich, in den die nun von ihr beworbene Creme f\u00e4llt, genau der Bereich, den  sie erobern m\u00f6chte. <\/p>\n<p>Starke Resonanz erhalten<\/p>\n<p class=\"fp-paragraph\">Bleibt trotzdem die Frage: Wie wurde sie eines der internationalen Werbegesichter. Charlott Josefin Heinze nennt es eine \u201ebesondere Story\u201c. Sie erz\u00e4hlt: \u201eUrspr\u00fcnglich war ich nur f\u00fcr eine Social-Media-Kampagne in Deutschland gebucht worden.\u201c Die Anfrage sei im Sommer des vergangenen Jahres gekommen, im September sei dann das Fotoshooting \u00fcber die B\u00fchne gegangen. Das Ergebnis sei dann so gut angekommen,  die Resonanz auf das Bildmaterial so stark gewesen, \u201edass Est\u00e9e Lauder die Rechte nachtr\u00e4glich f\u00fcr alle internationalen M\u00e4rkte gekauft hat\u201c.  Mehr noch:  \u201eDaraufhin wurde sogar eine zweite weltweite Kampagne gebucht, bei der von Anfang an alle Rechte inkludiert waren\u201c, sagt sie.<\/p>\n<p class=\"fp-paragraph\">Zum Renommee kommt f\u00fcr das Model hinzu, dass sich der nachtr\u00e4gliche Kauf der Rechte f\u00fcr die internationalen M\u00e4rkte auch finanziell auszahlt.  \u201eIch kriege etwas daf\u00fcr\u201c, sagt sie. Dass weltweite Gesicht von Est\u00e9e Lauder zu sein, bedeute f\u00fcr sie als Model aber zugleich, nicht ohne weiteres zeitgleich f\u00fcr eine andere Beautymarke arbeiten zu k\u00f6nnen. <\/p>\n<p class=\"fp-paragraph\">Derweil melden sich auch schon Bekannte bei ihr, die einen der Werbeaufsteller entdeckt haben. Eine Instagram-Followerin schickte ihr ein Foto davon aus M\u00fcnchen. <\/p>\n<p>Station dieses Jahres: Istanbul und Kapstadst, \u00d6sterreich und Frankreich<\/p>\n<p class=\"fp-paragraph\">Aktuell und noch bis Ende Juli befindet sich Charlott Josefin Heinze f\u00fcr einen sechsw\u00f6chigen Modelaufenthalt in Istanbul.  \u00dcberhaupt ist sie in diesem Jahr schon viel herumgekommen. Sie erz\u00e4hlt, dass sie von Januar bis M\u00e4rz  in Kapstadt war, um zu modeln. Auch verschiedene Werbespots habe sie in diesem Jahr gedreht, etwa f\u00fcr Lidl. Weitere Buchungen habe sie in \u00d6sterreich und Frankreich  gehabt. \u201eDas kommt Schlag auf Schlag.\u201c <\/p>\n<p class=\"fp-paragraph\">Gerade um an die Kontakte im Ausland zu kommen, arbeitet  Charlott Josefin Heinze mittlerweile mit einer Agentur in Deutschland zusammen.  Darauf hatte sie zu Beginn ihrer Modelkarriere zun\u00e4chst noch verzichtet.  <\/p>\n<p class=\"fp-paragraph\">W\u00e4hrend ihres Modemarketing-Studiums in Berlin  hatte sie  erst nebenbei zu modeln begonnen und nach erfolglosen Bewerbungen bei mehreren Agenturen schlie\u00dflich angefangen, sich selbst zu vermarkten und sich auch um Auftr\u00e4ge zu bem\u00fchen.  <\/p>\n<p>Noch nicht angekommen<\/p>\n<p class=\"fp-paragraph\">\u00dcber das bisher Erreichte ist sie gl\u00fccklich. Inwiefern das st\u00e4ndige Unterwegssein auch einher geht mit sehr viel Arbeit? \u201eEs ist t\u00e4gliches Arbeiten\u201c, sagt  das Model.  \u201eAber eine Arbeit, die mich sehr erf\u00fcllt. Es ist das, was ich immer tun wollte.  Es freut mich, dass das funktioniert.\u201c <\/p>\n<p class=\"fp-paragraph\">Sich auszuruhen scheint f\u00fcr sie derzeit indes keine Option zu sein. \u201eIch bin noch lange nicht da, wo ich hinwill.\u201c Sie habe weitere Marken im Blick, f\u00fcr die sie gern arbeiten m\u00f6chte. Andere Marken und andere St\u00e4dte. Sie nennt London und Paris und Amerika. \u201eDa will ich hin.\u201c <\/p>\n<p class=\"fp-paragraph\">Fragt man sie derweil nach Halle, erkl\u00e4rt Charlott Josefin Heinze, ihr letzter Besuch sei noch gar nicht lange her. Etwa zwei Wochen sei sie in der Stadt gewesen, habe ihre Gro\u00dfeltern, ihre Eltern und ihre Schwester getroffen. Nach wie vor habe sie auch eine Wohnung in Halle.  \u201eHalle erdet mich. Ich bin gern zu Hause.\u201c  Noch rund einer Woche zu Hause wolle sie dann aber auch wieder los, sagt sie.  \u201eReisen erleben, Jobs machen, unterwegs sein.\u201c <\/p>\n","protected":false},"excerpt":{"rendered":"Halle (Saale)\/MZ &#8211; In der Welt unterwegs \u2013 das ist Charlott Josefin Heinze schon eine Weile. Inzwischen ist&hellip;\n","protected":false},"author":2,"featured_media":235857,"comment_status":"","ping_status":"","sticky":false,"template":"","format":"standard","meta":{"footnotes":""},"categories":[1860],"tags":[3364,29,548,663,3934,30,4062,17332,13,14,15,17331,860,12],"class_list":{"0":"post-235856","1":"post","2":"type-post","3":"status-publish","4":"format-standard","5":"has-post-thumbnail","7":"category-halle-saale","8":"tag-de","9":"tag-deutschland","10":"tag-eu","11":"tag-europa","12":"tag-europe","13":"tag-germany","14":"tag-halle","15":"tag-halle-saale","16":"tag-headlines","17":"tag-nachrichten","18":"tag-news","19":"tag-saale","20":"tag-sachsen-anhalt","21":"tag-schlagzeilen"},"share_on_mastodon":{"url":"https:\/\/pubeurope.com\/@de\/114782554341181930","error":""},"_links":{"self":[{"href":"https:\/\/www.europesays.com\/de\/wp-json\/wp\/v2\/posts\/235856","targetHints":{"allow":["GET"]}}],"collection":[{"href":"https:\/\/www.europesays.com\/de\/wp-json\/wp\/v2\/posts"}],"about":[{"href":"https:\/\/www.europesays.com\/de\/wp-json\/wp\/v2\/types\/post"}],"author":[{"embeddable":true,"href":"https:\/\/www.europesays.com\/de\/wp-json\/wp\/v2\/users\/2"}],"replies":[{"embeddable":true,"href":"https:\/\/www.europesays.com\/de\/wp-json\/wp\/v2\/comments?post=235856"}],"version-history":[{"count":0,"href":"https:\/\/www.europesays.com\/de\/wp-json\/wp\/v2\/posts\/235856\/revisions"}],"wp:featuredmedia":[{"embeddable":true,"href":"https:\/\/www.europesays.com\/de\/wp-json\/wp\/v2\/media\/235857"}],"wp:attachment":[{"href":"https:\/\/www.europesays.com\/de\/wp-json\/wp\/v2\/media?parent=235856"}],"wp:term":[{"taxonomy":"category","embeddable":true,"href":"https:\/\/www.europesays.com\/de\/wp-json\/wp\/v2\/categories?post=235856"},{"taxonomy":"post_tag","embeddable":true,"href":"https:\/\/www.europesays.com\/de\/wp-json\/wp\/v2\/tags?post=235856"}],"curies":[{"name":"wp","href":"https:\/\/api.w.org\/{rel}","templated":true}]}}