{"id":23603,"date":"2025-04-11T14:29:10","date_gmt":"2025-04-11T14:29:10","guid":{"rendered":"https:\/\/www.europesays.com\/de\/23603\/"},"modified":"2025-04-11T14:29:10","modified_gmt":"2025-04-11T14:29:10","slug":"bei-tesla-in-mall-of-berlin-torten-anschlag-auf-tesla-roboter-regional","status":"publish","type":"post","link":"https:\/\/www.europesays.com\/de\/23603\/","title":{"rendered":"Bei Tesla in Mall of Berlin: Torten-Anschlag auf Tesla-Roboter | Regional"},"content":{"rendered":"<p>Berlin \u2013\u00a0<b>Ein Klima-Krimineller der Neuen Generation hat im Tesla-Showroom in der Mall of Berlin einem Tesla-Roboter eine Torte ins Gesicht geworfen. <\/b><\/p>\n<p>Der Torten-Wurf vom Donnerstag reihe sich ein in die seit Wochen stattfindende Protest-Kampagne \u201eTeslaTakedown\u201c (\u201eTesla zu Fall bringen\u201c) gegen Tesla-Chef <a href=\"https:\/\/www.bild.de\/ratgeber\/geld\/elon-musk\/elon-musk-alle-infos-78276790.bild.html\" class=\"text-link\" target=\"_blank\" rel=\"noopener\">Elon Musk<\/a>, teilte die sogenannte Neue Generation in einem Bekennerschreiben zu der Aktion mit.<\/p>\n<p><img decoding=\"async\" width=\"992\" height=\"1178\" alt=\"Der Roboter mit der Torte im Gesicht\" src=\"https:\/\/www.europesays.com\/de\/wp-content\/uploads\/2025\/04\/4b66005d6be4271a0b751ae36455ecd8,54c43dad\"   class=\"portrait\" loading=\"lazy\"\/><\/p>\n<p class=\"fig__caption__text\">Der Roboter mit der Torte im Gesicht<\/p>\n<p>Foto: Neue Generation<\/p>\n<p>Das Kollektiv gilt als Gruppe, die aus der sogenannten Letzten Generation hervorgegangen ist.<\/p>\n<p>Proteste gegen Tesla in Berlin<\/p>\n<p>Erst am Montag und am Dienstag hatte eine aus der Letzten Generation hervorgegangene Gruppe von Klima-Kriminellen in Berlin-Charlottenburg bei <a href=\"https:\/\/www.bild.de\/regional\/berlin\/bekennervideo-klima-kriminelle-plaetten-6-tesla-autos-in-berlin-67f66ad97b681422317af822\" class=\"text-link\" target=\"_blank\" rel=\"noopener\">sechs privaten Tesla-Autos die Reifen gepl\u00e4ttet<\/a> und eines der Fahrzeuge beschmiert.<\/p>\n<p><b>In <\/b><a href=\"https:\/\/www.bild.de\/regional\/berlin\/berlin-regional\/home-15823246.bild.html\" class=\"text-link\" target=\"_blank\" rel=\"noopener\"><b>Berlin<\/b><\/a><b>-Reinickendorf <\/b><a href=\"https:\/\/www.bild.de\/regional\/berlin\/attacke-gegen-tesla-in-berlin-filiale-und-auto-mit-farbe-beschmiert-67ea63ae1fbfdc58b2a60e23\" class=\"text-link\" target=\"_blank\" rel=\"noopener\"><b>beschmierten Ende M\u00e4rz Tesla-Hasser eine Filiale<\/b><\/a><b> und mehrere Autos.<\/b><\/p>\n<p>Lesen Sie auch<\/p>\n<p>In den vergangenen Wochen waren immer wieder <a href=\"https:\/\/www.bild.de\/themen\/organisationen\/tesla-alle-infos-szYo1fKc3CYxk6U7mzPx\" class=\"text-link\" target=\"_blank\" rel=\"noopener\">Tesla<\/a>s aus <a href=\"https:\/\/www.bild.de\/politik\/inland\/weltweite-demos-riesige-protest-welle-gegen-elon-musk-67e8e11f1fbfdc58b2a4aa10\" class=\"text-link\" target=\"_blank\" rel=\"noopener\">Protest gegen den Konzernchef Musk<\/a> und dessen Unterst\u00fctzung f\u00fcr US-Pr\u00e4sident Donald Trump besch\u00e4digt oder auch angez\u00fcndet worden.<\/p>\n","protected":false},"excerpt":{"rendered":"Berlin \u2013\u00a0Ein Klima-Krimineller der Neuen Generation hat im Tesla-Showroom in der Mall of Berlin einem Tesla-Roboter eine Torte&hellip;\n","protected":false},"author":2,"featured_media":23604,"comment_status":"","ping_status":"","sticky":false,"template":"","format":"standard","meta":{"footnotes":""},"categories":[1825],"tags":[296,710,29,30,1548,952,3574,2934,121,159,760,45],"class_list":{"0":"post-23603","1":"post","2":"type-post","3":"status-publish","4":"format-standard","5":"has-post-thumbnail","7":"category-berlin","8":"tag-berlin","9":"tag-demonstrationen","10":"tag-deutschland","11":"tag-germany","12":"tag-klimaschutz","13":"tag-klimawandel","14":"tag-letzte-generation","15":"tag-musk-elon","16":"tag-polizei","17":"tag-proteste","18":"tag-tesla","19":"tag-texttospeech"},"share_on_mastodon":{"url":"https:\/\/pubeurope.com\/@de\/114319809958302963","error":""},"_links":{"self":[{"href":"https:\/\/www.europesays.com\/de\/wp-json\/wp\/v2\/posts\/23603","targetHints":{"allow":["GET"]}}],"collection":[{"href":"https:\/\/www.europesays.com\/de\/wp-json\/wp\/v2\/posts"}],"about":[{"href":"https:\/\/www.europesays.com\/de\/wp-json\/wp\/v2\/types\/post"}],"author":[{"embeddable":true,"href":"https:\/\/www.europesays.com\/de\/wp-json\/wp\/v2\/users\/2"}],"replies":[{"embeddable":true,"href":"https:\/\/www.europesays.com\/de\/wp-json\/wp\/v2\/comments?post=23603"}],"version-history":[{"count":0,"href":"https:\/\/www.europesays.com\/de\/wp-json\/wp\/v2\/posts\/23603\/revisions"}],"wp:featuredmedia":[{"embeddable":true,"href":"https:\/\/www.europesays.com\/de\/wp-json\/wp\/v2\/media\/23604"}],"wp:attachment":[{"href":"https:\/\/www.europesays.com\/de\/wp-json\/wp\/v2\/media?parent=23603"}],"wp:term":[{"taxonomy":"category","embeddable":true,"href":"https:\/\/www.europesays.com\/de\/wp-json\/wp\/v2\/categories?post=23603"},{"taxonomy":"post_tag","embeddable":true,"href":"https:\/\/www.europesays.com\/de\/wp-json\/wp\/v2\/tags?post=23603"}],"curies":[{"name":"wp","href":"https:\/\/api.w.org\/{rel}","templated":true}]}}