{"id":236075,"date":"2025-07-02T09:57:18","date_gmt":"2025-07-02T09:57:18","guid":{"rendered":"https:\/\/www.europesays.com\/de\/236075\/"},"modified":"2025-07-02T09:57:18","modified_gmt":"2025-07-02T09:57:18","slug":"zusammenschluss-ihk-mittleres-ruhrgebiet-und-ihk-essen","status":"publish","type":"post","link":"https:\/\/www.europesays.com\/de\/236075\/","title":{"rendered":"Zusammenschluss IHK Mittleres Ruhrgebiet und IHK Essen"},"content":{"rendered":"<p class=\"small date article__date\">Ver\u00f6ffentlicht:\u00a0Mittwoch, 02.07.2025 11:39<\/p>\n<p>Die Vollversammlungen der IHK Mittleres Ruhrgebiet und der IHK Essen haben entschieden, das ein Zusammenschluss gepr\u00fcft werden soll. Sollte die Entscheidung f\u00fcr eine Zusammenlegung fallen, dann w\u00fcrde eine der gr\u00f6\u00dften Industrie und Handelskammern im Ruhrgebiet entstehen.<\/p>\n<p><img decoding=\"async\" alt=\"Fahnen der IHK wehen vor dem Hochhaus am Ostring in Bochum\" src=\"https:\/\/www.europesays.com\/de\/wp-content\/uploads\/2025\/07\/ihk-bochum.jpg&#038;crop=0x117x5616x3510&#038;resize=1280x800&#038;dt=202110261313370.jpeg\" data-size=\"1280x800\"\/>\u00a9 IHK BochumBochum: IHK beschlie\u00dft Pr\u00fcfung einer Zusammenlegung mit der IHK Essen<\/p>\n<p>Eine Zusammenlegung der Industrie- und Handelskammer Mittleres Ruhrgebiet mit der IHK Essen soll ergebnisoffen gepr\u00fcft werden. Das haben die Vollversammlungen beider Kammern mehrheitlich beschlossen. In Bochum sehen viele Unternehmerinnen und Unternehmer die Pl\u00e4ne kritisch. Jetzt soll aber erst einmal ein Pr\u00fcfprozess starten. Er soll zeigen welche Vor &#8211; und Nachteile ein Zusammenschluss der beiden Kammern mit Sitz in Essen und Bochum mit sich bringt. Weniger Beitr\u00e4ge und mehr Service f\u00fcr die Mitglieder sollen nat\u00fcrlich Ziele sein. Ob und wie das umsetzbar ist soll der Pr\u00fcfprozess zeigen.<\/p>\n<p>Beim Pr\u00fcfprozess wird es sicher auch um den Sitz der m\u00f6glichen Gro\u00df-IHK gehen. Viele Bochumer Unternehmen haben die Bef\u00fcrchtung, das in einer gemeinsamen Kammer ihre Interessen vor Ort weniger vertreten werden. Sollten sich die IHK Mitglieder nach dem Pr\u00fcfprozess f\u00fcr einen Zusammenschluss entscheiden, w\u00fcrde mit fast 100.000 Mitgliedsunternehmen die gr\u00f6\u00dfte Industrie- und Handelskammer im Ruhrgebiet entstehen.<\/p>\n","protected":false},"excerpt":{"rendered":"Ver\u00f6ffentlicht:\u00a0Mittwoch, 02.07.2025 11:39 Die Vollversammlungen der IHK Mittleres Ruhrgebiet und der IHK Essen haben entschieden, das ein Zusammenschluss&hellip;\n","protected":false},"author":2,"featured_media":236076,"comment_status":"","ping_status":"","sticky":false,"template":"","format":"standard","meta":{"footnotes":""},"categories":[1834],"tags":[68825,74014,7507,3364,29,3688,30,1209],"class_list":{"0":"post-236075","1":"post","2":"type-post","3":"status-publish","4":"format-standard","5":"has-post-thumbnail","7":"category-essen","8":"tag-ihk-essen","9":"tag-ihk-mittleres-ruhrgebiet","10":"tag-bochum","11":"tag-de","12":"tag-deutschland","13":"tag-essen","14":"tag-germany","15":"tag-nordrhein-westfalen"},"share_on_mastodon":{"url":"https:\/\/pubeurope.com\/@de\/114783049723793706","error":""},"_links":{"self":[{"href":"https:\/\/www.europesays.com\/de\/wp-json\/wp\/v2\/posts\/236075","targetHints":{"allow":["GET"]}}],"collection":[{"href":"https:\/\/www.europesays.com\/de\/wp-json\/wp\/v2\/posts"}],"about":[{"href":"https:\/\/www.europesays.com\/de\/wp-json\/wp\/v2\/types\/post"}],"author":[{"embeddable":true,"href":"https:\/\/www.europesays.com\/de\/wp-json\/wp\/v2\/users\/2"}],"replies":[{"embeddable":true,"href":"https:\/\/www.europesays.com\/de\/wp-json\/wp\/v2\/comments?post=236075"}],"version-history":[{"count":0,"href":"https:\/\/www.europesays.com\/de\/wp-json\/wp\/v2\/posts\/236075\/revisions"}],"wp:featuredmedia":[{"embeddable":true,"href":"https:\/\/www.europesays.com\/de\/wp-json\/wp\/v2\/media\/236076"}],"wp:attachment":[{"href":"https:\/\/www.europesays.com\/de\/wp-json\/wp\/v2\/media?parent=236075"}],"wp:term":[{"taxonomy":"category","embeddable":true,"href":"https:\/\/www.europesays.com\/de\/wp-json\/wp\/v2\/categories?post=236075"},{"taxonomy":"post_tag","embeddable":true,"href":"https:\/\/www.europesays.com\/de\/wp-json\/wp\/v2\/tags?post=236075"}],"curies":[{"name":"wp","href":"https:\/\/api.w.org\/{rel}","templated":true}]}}